{"id":5166,"date":"2026-04-21T10:07:59","date_gmt":"2026-04-21T08:07:59","guid":{"rendered":"https:\/\/larochette-cartonboard.com\/?p=5166"},"modified":"2026-04-21T10:07:59","modified_gmt":"2026-04-21T08:07:59","slug":"la-rochette-cartonboard-au-salon-jeunes-davenirs-a-villeurbanne-69","status":"publish","type":"post","link":"https:\/\/larochette-cartonboard.com\/fr\/la-rochette-cartonboard-au-salon-jeunes-davenirs-a-villeurbanne-69\/","title":{"rendered":"La Rochette Cartonboard au Salon Jeunes d&rsquo;Avenirs \u00e0 Villeurbanne (69)"},"content":{"rendered":"<p>Nous vous donnons rendez-vous mercredi 29 avril, de 9h30 \u00e0 17h30, au Palais des congr\u00e8s et centre d&rsquo;expositions Double Mixte, sur le stand <a class=\"LzOggbcGDJzwAinOcasNavZGXtBXczaKvq \" tabindex=\"0\" href=\"https:\/\/www.linkedin.com\/company\/aveclindustrie\/\" target=\"_self\" data-test-app-aware-link=\"\">Avec l\u2019Industrie \u00ae<\/a> associ\u00e9 \u00e0 l\u2019<a class=\"LzOggbcGDJzwAinOcasNavZGXtBXczaKvq \" tabindex=\"0\" href=\"https:\/\/www.linkedin.com\/company\/opco2i\/\" target=\"_self\" data-test-app-aware-link=\"\">OPCO 2i<\/a> Auvergne-Rh\u00f4ne-Alpes, pour :<br \/>\n&#8211; D\u00e9couvrir la fili\u00e8re Papier Carton ;<br \/>\n&#8211; D\u00e9couvrir nos m\u00e9tiers et notre savoir-faire ;<br \/>\n&#8211; \u00c9changer sur les offres d&#8217;emploi disponibles.<\/p>\n<p>Nous avons h\u00e2te de vous rencontrer ! \ud83e\udd32<\/p>\n<p>Cette participation est rendue possible gr\u00e2ce \u00e0 l&rsquo;<a class=\"LzOggbcGDJzwAinOcasNavZGXtBXczaKvq \" tabindex=\"0\" href=\"https:\/\/www.linkedin.com\/company\/industriepapiercarton\/\" target=\"_self\" data-test-app-aware-link=\"\">Industrie Papier Carton<\/a> et <a class=\"LzOggbcGDJzwAinOcasNavZGXtBXczaKvq \" tabindex=\"0\" href=\"https:\/\/www.linkedin.com\/company\/aveclindustrie\/\" target=\"_self\" data-test-app-aware-link=\"\">Avec l\u2019Industrie \u00ae<\/a> !<\/p>\n<p>En savoir-plus sur notre entreprise et nos offres \ud83d\udc49 <a class=\"LzOggbcGDJzwAinOcasNavZGXtBXczaKvq \" tabindex=\"0\" href=\"https:\/\/lnkd.in\/dMH-QFhk\" target=\"_self\" data-test-app-aware-link=\"\">https:\/\/lnkd.in\/dMH-QFhk<\/a><\/p>\n<p>Plus d&rsquo;informations sur l&rsquo;\u00e9v\u00e9nement \ud83d\udc49<a class=\"LzOggbcGDJzwAinOcasNavZGXtBXczaKvq \" tabindex=\"0\" href=\"https:\/\/lnkd.in\/dKqDvuws\" target=\"_self\" data-test-app-aware-link=\"\">https:\/\/lnkd.in\/dKqDvuws<\/a><\/p>\n<p><img loading=\"lazy\" decoding=\"async\" class=\"alignnone  wp-image-5167\" src=\"https:\/\/larochette-cartonboard.com\/wp-content\/uploads\/2026\/04\/Com-salon-jeunes-davenir-240x300.png\" alt=\"\" width=\"452\" height=\"565\" srcset=\"https:\/\/larochette-cartonboard.com\/wp-content\/uploads\/2026\/04\/Com-salon-jeunes-davenir-240x300.png 240w, https:\/\/larochette-cartonboard.com\/wp-content\/uploads\/2026\/04\/Com-salon-jeunes-davenir-824x1030.png 824w, https:\/\/larochette-cartonboard.com\/wp-content\/uploads\/2026\/04\/Com-salon-jeunes-davenir-768x960.png 768w, https:\/\/larochette-cartonboard.com\/wp-content\/uploads\/2026\/04\/Com-salon-jeunes-davenir-564x705.png 564w, https:\/\/larochette-cartonboard.com\/wp-content\/uploads\/2026\/04\/Com-salon-jeunes-davenir.png 1200w\" sizes=\"auto, (max-width: 452px) 100vw, 452px\" \/><\/p>\n","protected":false},"excerpt":{"rendered":"<p>Nous vous donnons rendez-vous mercredi 29 avril, de 9h30 \u00e0 17h30, au Palais des congr\u00e8s et centre d&rsquo;expositions Double Mixte, sur le stand Avec l\u2019Industrie \u00ae associ\u00e9 \u00e0 l\u2019OPCO 2i Auvergne-Rh\u00f4ne-Alpes, pour : &#8211; D\u00e9couvrir la fili\u00e8re Papier Carton ; &#8211; D\u00e9couvrir nos m\u00e9tiers et notre savoir-faire ; &#8211; \u00c9changer sur les offres d&#8217;emploi disponibles. [&hellip;]<\/p>\n","protected":false},"author":6,"featured_media":5167,"comment_status":"closed","ping_status":"closed","sticky":false,"template":"","format":"standard","meta":{"footnotes":""},"categories":[18],"tags":[],"class_list":["post-5166","post","type-post","status-publish","format-standard","has-post-thumbnail","hentry","category-la-rochette-news-fr"],"yoast_head":"<!-- This site is optimized with the Yoast SEO plugin v27.4 - https:\/\/yoast.com\/product\/yoast-seo-wordpress\/ -->\n<title>La Rochette Cartonboard au Salon Jeunes d&#039;Avenirs \u00e0 Villeurbanne (69) - La Rochette Cartonboard SAS<\/title>\n<meta name=\"robots\" content=\"index, follow, max-snippet:-1, max-image-preview:large, max-video-preview:-1\" \/>\n<link rel=\"canonical\" href=\"https:\/\/larochette-cartonboard.com\/fr\/la-rochette-cartonboard-au-salon-jeunes-davenirs-a-villeurbanne-69\/\" \/>\n<meta property=\"og:locale\" content=\"fr_FR\" \/>\n<meta property=\"og:type\" content=\"article\" \/>\n<meta property=\"og:title\" content=\"La Rochette Cartonboard au Salon Jeunes d&#039;Avenirs \u00e0 Villeurbanne (69) - La Rochette Cartonboard SAS\" \/>\n<meta property=\"og:description\" content=\"Nous vous donnons rendez-vous mercredi 29 avril, de 9h30 \u00e0 17h30, au Palais des congr\u00e8s et centre d&rsquo;expositions Double Mixte, sur le stand Avec l\u2019Industrie \u00ae associ\u00e9 \u00e0 l\u2019OPCO 2i Auvergne-Rh\u00f4ne-Alpes, pour : &#8211; D\u00e9couvrir la fili\u00e8re Papier Carton ; &#8211; D\u00e9couvrir nos m\u00e9tiers et notre savoir-faire ; &#8211; \u00c9changer sur les offres d&#8217;emploi disponibles. [&hellip;]\" \/>\n<meta property=\"og:url\" content=\"https:\/\/larochette-cartonboard.com\/fr\/la-rochette-cartonboard-au-salon-jeunes-davenirs-a-villeurbanne-69\/\" \/>\n<meta property=\"og:site_name\" content=\"La Rochette Cartonboard SAS\" \/>\n<meta property=\"article:published_time\" content=\"2026-04-21T08:07:59+00:00\" \/>\n<meta property=\"og:image\" content=\"https:\/\/larochette-cartonboard.com\/wp-content\/uploads\/2026\/04\/Com-salon-jeunes-davenir.png\" \/>\n\t<meta property=\"og:image:width\" content=\"1200\" \/>\n\t<meta property=\"og:image:height\" content=\"1500\" \/>\n\t<meta property=\"og:image:type\" content=\"image\/png\" \/>\n<meta name=\"author\" content=\"Alexia Guillet\" \/>\n<meta name=\"twitter:card\" content=\"summary_large_image\" \/>\n<meta name=\"twitter:label1\" content=\"\u00c9crit par\" \/>\n\t<meta name=\"twitter:data1\" content=\"Alexia Guillet\" \/>\n\t<meta name=\"twitter:label2\" content=\"Dur\u00e9e de lecture estim\u00e9e\" \/>\n\t<meta name=\"twitter:data2\" content=\"1 minute\" \/>\n<script type=\"application\/ld+json\" class=\"yoast-schema-graph\">{\"@context\":\"https:\\\/\\\/schema.org\",\"@graph\":[{\"@type\":\"Article\",\"@id\":\"https:\\\/\\\/larochette-cartonboard.com\\\/fr\\\/la-rochette-cartonboard-au-salon-jeunes-davenirs-a-villeurbanne-69\\\/#article\",\"isPartOf\":{\"@id\":\"https:\\\/\\\/larochette-cartonboard.com\\\/fr\\\/la-rochette-cartonboard-au-salon-jeunes-davenirs-a-villeurbanne-69\\\/\"},\"author\":{\"name\":\"Alexia Guillet\",\"@id\":\"https:\\\/\\\/larochette-cartonboard.com\\\/#\\\/schema\\\/person\\\/6ac21eb30032768444c359dbb384fc7d\"},\"headline\":\"La Rochette Cartonboard au Salon Jeunes d&rsquo;Avenirs \u00e0 Villeurbanne (69)\",\"datePublished\":\"2026-04-21T08:07:59+00:00\",\"mainEntityOfPage\":{\"@id\":\"https:\\\/\\\/larochette-cartonboard.com\\\/fr\\\/la-rochette-cartonboard-au-salon-jeunes-davenirs-a-villeurbanne-69\\\/\"},\"wordCount\":112,\"publisher\":{\"@id\":\"https:\\\/\\\/larochette-cartonboard.com\\\/#organization\"},\"image\":{\"@id\":\"https:\\\/\\\/larochette-cartonboard.com\\\/fr\\\/la-rochette-cartonboard-au-salon-jeunes-davenirs-a-villeurbanne-69\\\/#primaryimage\"},\"thumbnailUrl\":\"https:\\\/\\\/larochette-cartonboard.com\\\/wp-content\\\/uploads\\\/2026\\\/04\\\/Com-salon-jeunes-davenir.png\",\"articleSection\":[\"La Rochette News\"],\"inLanguage\":\"fr-FR\"},{\"@type\":\"WebPage\",\"@id\":\"https:\\\/\\\/larochette-cartonboard.com\\\/fr\\\/la-rochette-cartonboard-au-salon-jeunes-davenirs-a-villeurbanne-69\\\/\",\"url\":\"https:\\\/\\\/larochette-cartonboard.com\\\/fr\\\/la-rochette-cartonboard-au-salon-jeunes-davenirs-a-villeurbanne-69\\\/\",\"name\":\"La Rochette Cartonboard au Salon Jeunes d'Avenirs \u00e0 Villeurbanne (69) - La Rochette Cartonboard SAS\",\"isPartOf\":{\"@id\":\"https:\\\/\\\/larochette-cartonboard.com\\\/#website\"},\"primaryImageOfPage\":{\"@id\":\"https:\\\/\\\/larochette-cartonboard.com\\\/fr\\\/la-rochette-cartonboard-au-salon-jeunes-davenirs-a-villeurbanne-69\\\/#primaryimage\"},\"image\":{\"@id\":\"https:\\\/\\\/larochette-cartonboard.com\\\/fr\\\/la-rochette-cartonboard-au-salon-jeunes-davenirs-a-villeurbanne-69\\\/#primaryimage\"},\"thumbnailUrl\":\"https:\\\/\\\/larochette-cartonboard.com\\\/wp-content\\\/uploads\\\/2026\\\/04\\\/Com-salon-jeunes-davenir.png\",\"datePublished\":\"2026-04-21T08:07:59+00:00\",\"breadcrumb\":{\"@id\":\"https:\\\/\\\/larochette-cartonboard.com\\\/fr\\\/la-rochette-cartonboard-au-salon-jeunes-davenirs-a-villeurbanne-69\\\/#breadcrumb\"},\"inLanguage\":\"fr-FR\",\"potentialAction\":[{\"@type\":\"ReadAction\",\"target\":[\"https:\\\/\\\/larochette-cartonboard.com\\\/fr\\\/la-rochette-cartonboard-au-salon-jeunes-davenirs-a-villeurbanne-69\\\/\"]}]},{\"@type\":\"ImageObject\",\"inLanguage\":\"fr-FR\",\"@id\":\"https:\\\/\\\/larochette-cartonboard.com\\\/fr\\\/la-rochette-cartonboard-au-salon-jeunes-davenirs-a-villeurbanne-69\\\/#primaryimage\",\"url\":\"https:\\\/\\\/larochette-cartonboard.com\\\/wp-content\\\/uploads\\\/2026\\\/04\\\/Com-salon-jeunes-davenir.png\",\"contentUrl\":\"https:\\\/\\\/larochette-cartonboard.com\\\/wp-content\\\/uploads\\\/2026\\\/04\\\/Com-salon-jeunes-davenir.png\",\"width\":1200,\"height\":1500},{\"@type\":\"BreadcrumbList\",\"@id\":\"https:\\\/\\\/larochette-cartonboard.com\\\/fr\\\/la-rochette-cartonboard-au-salon-jeunes-davenirs-a-villeurbanne-69\\\/#breadcrumb\",\"itemListElement\":[{\"@type\":\"ListItem\",\"position\":1,\"name\":\"Home\",\"item\":\"https:\\\/\\\/larochette-cartonboard.com\\\/fr\\\/carton-plat-fibre-vierge-la-rochette-cartonboard-sas\\\/\"},{\"@type\":\"ListItem\",\"position\":2,\"name\":\"La Rochette Cartonboard au Salon Jeunes d&rsquo;Avenirs \u00e0 Villeurbanne (69)\"}]},{\"@type\":\"WebSite\",\"@id\":\"https:\\\/\\\/larochette-cartonboard.com\\\/#website\",\"url\":\"https:\\\/\\\/larochette-cartonboard.com\\\/\",\"name\":\"La Rochette Cartonboard SAS\",\"description\":\"Website\",\"publisher\":{\"@id\":\"https:\\\/\\\/larochette-cartonboard.com\\\/#organization\"},\"potentialAction\":[{\"@type\":\"SearchAction\",\"target\":{\"@type\":\"EntryPoint\",\"urlTemplate\":\"https:\\\/\\\/larochette-cartonboard.com\\\/?s={search_term_string}\"},\"query-input\":{\"@type\":\"PropertyValueSpecification\",\"valueRequired\":true,\"valueName\":\"search_term_string\"}}],\"inLanguage\":\"fr-FR\"},{\"@type\":\"Organization\",\"@id\":\"https:\\\/\\\/larochette-cartonboard.com\\\/#organization\",\"name\":\"La Rochette Cartonboard SAS\",\"url\":\"https:\\\/\\\/larochette-cartonboard.com\\\/\",\"logo\":{\"@type\":\"ImageObject\",\"inLanguage\":\"fr-FR\",\"@id\":\"https:\\\/\\\/larochette-cartonboard.com\\\/#\\\/schema\\\/logo\\\/image\\\/\",\"url\":\"https:\\\/\\\/larochette-cartonboard.com\\\/wp-content\\\/uploads\\\/2021\\\/07\\\/LRC-Logo.svg\",\"contentUrl\":\"https:\\\/\\\/larochette-cartonboard.com\\\/wp-content\\\/uploads\\\/2021\\\/07\\\/LRC-Logo.svg\",\"width\":\"1030\",\"height\":\"1030\",\"caption\":\"La Rochette Cartonboard SAS\"},\"image\":{\"@id\":\"https:\\\/\\\/larochette-cartonboard.com\\\/#\\\/schema\\\/logo\\\/image\\\/\"}},{\"@type\":\"Person\",\"@id\":\"https:\\\/\\\/larochette-cartonboard.com\\\/#\\\/schema\\\/person\\\/6ac21eb30032768444c359dbb384fc7d\",\"name\":\"Alexia Guillet\",\"url\":\"https:\\\/\\\/larochette-cartonboard.com\\\/fr\\\/author\\\/alexia-guilletlarochette-cartonboard-com\\\/\"}]}<\/script>\n<!-- \/ Yoast SEO plugin. -->","yoast_head_json":{"title":"La Rochette Cartonboard au Salon Jeunes d'Avenirs \u00e0 Villeurbanne (69) - La Rochette Cartonboard SAS","robots":{"index":"index","follow":"follow","max-snippet":"max-snippet:-1","max-image-preview":"max-image-preview:large","max-video-preview":"max-video-preview:-1"},"canonical":"https:\/\/larochette-cartonboard.com\/fr\/la-rochette-cartonboard-au-salon-jeunes-davenirs-a-villeurbanne-69\/","og_locale":"fr_FR","og_type":"article","og_title":"La Rochette Cartonboard au Salon Jeunes d'Avenirs \u00e0 Villeurbanne (69) - La Rochette Cartonboard SAS","og_description":"Nous vous donnons rendez-vous mercredi 29 avril, de 9h30 \u00e0 17h30, au Palais des congr\u00e8s et centre d&rsquo;expositions Double Mixte, sur le stand Avec l\u2019Industrie \u00ae associ\u00e9 \u00e0 l\u2019OPCO 2i Auvergne-Rh\u00f4ne-Alpes, pour : &#8211; D\u00e9couvrir la fili\u00e8re Papier Carton ; &#8211; D\u00e9couvrir nos m\u00e9tiers et notre savoir-faire ; &#8211; \u00c9changer sur les offres d&#8217;emploi disponibles. [&hellip;]","og_url":"https:\/\/larochette-cartonboard.com\/fr\/la-rochette-cartonboard-au-salon-jeunes-davenirs-a-villeurbanne-69\/","og_site_name":"La Rochette Cartonboard SAS","article_published_time":"2026-04-21T08:07:59+00:00","og_image":[{"width":1200,"height":1500,"url":"https:\/\/larochette-cartonboard.com\/wp-content\/uploads\/2026\/04\/Com-salon-jeunes-davenir.png","type":"image\/png"}],"author":"Alexia Guillet","twitter_card":"summary_large_image","twitter_misc":{"\u00c9crit par":"Alexia Guillet","Dur\u00e9e de lecture estim\u00e9e":"1 minute"},"schema":{"@context":"https:\/\/schema.org","@graph":[{"@type":"Article","@id":"https:\/\/larochette-cartonboard.com\/fr\/la-rochette-cartonboard-au-salon-jeunes-davenirs-a-villeurbanne-69\/#article","isPartOf":{"@id":"https:\/\/larochette-cartonboard.com\/fr\/la-rochette-cartonboard-au-salon-jeunes-davenirs-a-villeurbanne-69\/"},"author":{"name":"Alexia Guillet","@id":"https:\/\/larochette-cartonboard.com\/#\/schema\/person\/6ac21eb30032768444c359dbb384fc7d"},"headline":"La Rochette Cartonboard au Salon Jeunes d&rsquo;Avenirs \u00e0 Villeurbanne (69)","datePublished":"2026-04-21T08:07:59+00:00","mainEntityOfPage":{"@id":"https:\/\/larochette-cartonboard.com\/fr\/la-rochette-cartonboard-au-salon-jeunes-davenirs-a-villeurbanne-69\/"},"wordCount":112,"publisher":{"@id":"https:\/\/larochette-cartonboard.com\/#organization"},"image":{"@id":"https:\/\/larochette-cartonboard.com\/fr\/la-rochette-cartonboard-au-salon-jeunes-davenirs-a-villeurbanne-69\/#primaryimage"},"thumbnailUrl":"https:\/\/larochette-cartonboard.com\/wp-content\/uploads\/2026\/04\/Com-salon-jeunes-davenir.png","articleSection":["La Rochette News"],"inLanguage":"fr-FR"},{"@type":"WebPage","@id":"https:\/\/larochette-cartonboard.com\/fr\/la-rochette-cartonboard-au-salon-jeunes-davenirs-a-villeurbanne-69\/","url":"https:\/\/larochette-cartonboard.com\/fr\/la-rochette-cartonboard-au-salon-jeunes-davenirs-a-villeurbanne-69\/","name":"La Rochette Cartonboard au Salon Jeunes d'Avenirs \u00e0 Villeurbanne (69) - La Rochette Cartonboard SAS","isPartOf":{"@id":"https:\/\/larochette-cartonboard.com\/#website"},"primaryImageOfPage":{"@id":"https:\/\/larochette-cartonboard.com\/fr\/la-rochette-cartonboard-au-salon-jeunes-davenirs-a-villeurbanne-69\/#primaryimage"},"image":{"@id":"https:\/\/larochette-cartonboard.com\/fr\/la-rochette-cartonboard-au-salon-jeunes-davenirs-a-villeurbanne-69\/#primaryimage"},"thumbnailUrl":"https:\/\/larochette-cartonboard.com\/wp-content\/uploads\/2026\/04\/Com-salon-jeunes-davenir.png","datePublished":"2026-04-21T08:07:59+00:00","breadcrumb":{"@id":"https:\/\/larochette-cartonboard.com\/fr\/la-rochette-cartonboard-au-salon-jeunes-davenirs-a-villeurbanne-69\/#breadcrumb"},"inLanguage":"fr-FR","potentialAction":[{"@type":"ReadAction","target":["https:\/\/larochette-cartonboard.com\/fr\/la-rochette-cartonboard-au-salon-jeunes-davenirs-a-villeurbanne-69\/"]}]},{"@type":"ImageObject","inLanguage":"fr-FR","@id":"https:\/\/larochette-cartonboard.com\/fr\/la-rochette-cartonboard-au-salon-jeunes-davenirs-a-villeurbanne-69\/#primaryimage","url":"https:\/\/larochette-cartonboard.com\/wp-content\/uploads\/2026\/04\/Com-salon-jeunes-davenir.png","contentUrl":"https:\/\/larochette-cartonboard.com\/wp-content\/uploads\/2026\/04\/Com-salon-jeunes-davenir.png","width":1200,"height":1500},{"@type":"BreadcrumbList","@id":"https:\/\/larochette-cartonboard.com\/fr\/la-rochette-cartonboard-au-salon-jeunes-davenirs-a-villeurbanne-69\/#breadcrumb","itemListElement":[{"@type":"ListItem","position":1,"name":"Home","item":"https:\/\/larochette-cartonboard.com\/fr\/carton-plat-fibre-vierge-la-rochette-cartonboard-sas\/"},{"@type":"ListItem","position":2,"name":"La Rochette Cartonboard au Salon Jeunes d&rsquo;Avenirs \u00e0 Villeurbanne (69)"}]},{"@type":"WebSite","@id":"https:\/\/larochette-cartonboard.com\/#website","url":"https:\/\/larochette-cartonboard.com\/","name":"La Rochette Cartonboard SAS","description":"Website","publisher":{"@id":"https:\/\/larochette-cartonboard.com\/#organization"},"potentialAction":[{"@type":"SearchAction","target":{"@type":"EntryPoint","urlTemplate":"https:\/\/larochette-cartonboard.com\/?s={search_term_string}"},"query-input":{"@type":"PropertyValueSpecification","valueRequired":true,"valueName":"search_term_string"}}],"inLanguage":"fr-FR"},{"@type":"Organization","@id":"https:\/\/larochette-cartonboard.com\/#organization","name":"La Rochette Cartonboard SAS","url":"https:\/\/larochette-cartonboard.com\/","logo":{"@type":"ImageObject","inLanguage":"fr-FR","@id":"https:\/\/larochette-cartonboard.com\/#\/schema\/logo\/image\/","url":"https:\/\/larochette-cartonboard.com\/wp-content\/uploads\/2021\/07\/LRC-Logo.svg","contentUrl":"https:\/\/larochette-cartonboard.com\/wp-content\/uploads\/2021\/07\/LRC-Logo.svg","width":"1030","height":"1030","caption":"La Rochette Cartonboard SAS"},"image":{"@id":"https:\/\/larochette-cartonboard.com\/#\/schema\/logo\/image\/"}},{"@type":"Person","@id":"https:\/\/larochette-cartonboard.com\/#\/schema\/person\/6ac21eb30032768444c359dbb384fc7d","name":"Alexia Guillet","url":"https:\/\/larochette-cartonboard.com\/fr\/author\/alexia-guilletlarochette-cartonboard-com\/"}]}},"_links":{"self":[{"href":"https:\/\/larochette-cartonboard.com\/fr\/wp-json\/wp\/v2\/posts\/5166","targetHints":{"allow":["GET"]}}],"collection":[{"href":"https:\/\/larochette-cartonboard.com\/fr\/wp-json\/wp\/v2\/posts"}],"about":[{"href":"https:\/\/larochette-cartonboard.com\/fr\/wp-json\/wp\/v2\/types\/post"}],"author":[{"embeddable":true,"href":"https:\/\/larochette-cartonboard.com\/fr\/wp-json\/wp\/v2\/users\/6"}],"replies":[{"embeddable":true,"href":"https:\/\/larochette-cartonboard.com\/fr\/wp-json\/wp\/v2\/comments?post=5166"}],"version-history":[{"count":2,"href":"https:\/\/larochette-cartonboard.com\/fr\/wp-json\/wp\/v2\/posts\/5166\/revisions"}],"predecessor-version":[{"id":5170,"href":"https:\/\/larochette-cartonboard.com\/fr\/wp-json\/wp\/v2\/posts\/5166\/revisions\/5170"}],"wp:featuredmedia":[{"embeddable":true,"href":"https:\/\/larochette-cartonboard.com\/fr\/wp-json\/wp\/v2\/media\/5167"}],"wp:attachment":[{"href":"https:\/\/larochette-cartonboard.com\/fr\/wp-json\/wp\/v2\/media?parent=5166"}],"wp:term":[{"taxonomy":"category","embeddable":true,"href":"https:\/\/larochette-cartonboard.com\/fr\/wp-json\/wp\/v2\/categories?post=5166"},{"taxonomy":"post_tag","embeddable":true,"href":"https:\/\/larochette-cartonboard.com\/fr\/wp-json\/wp\/v2\/tags?post=5166"}],"curies":[{"name":"wp","href":"https:\/\/api.w.org\/{rel}","templated":true}]}}