{"id":4272,"date":"2025-02-25T08:51:33","date_gmt":"2025-02-25T07:51:33","guid":{"rendered":"https:\/\/larochette-cartonboard.com\/?p=4272"},"modified":"2025-02-25T08:51:33","modified_gmt":"2025-02-25T07:51:33","slug":"la-rochette-cartonboard-a-lhonneur-au-jt-de-france-3-auvergne-rhone-alpes","status":"publish","type":"post","link":"https:\/\/larochette-cartonboard.com\/fr\/la-rochette-cartonboard-a-lhonneur-au-jt-de-france-3-auvergne-rhone-alpes\/","title":{"rendered":"La Rochette Cartonboard \u00e0 l&rsquo;honneur au JT de France 3 Auvergne-Rh\u00f4ne-Alpes !"},"content":{"rendered":"<p>Jeudi 20 f\u00e9vrier, notre usine a \u00e9t\u00e9 mise en lumi\u00e8re dans le 19\/20 de France 3 AURA \u00e0 travers un reportage d\u00e9di\u00e9 \u00e0 notre collaboration avec J\u00e9r\u00f4me Poulalier, photographe industriel.<\/p>\n<p>En septembre 2024, J\u00e9r\u00f4me a captur\u00e9 nos m\u00e9tiers, notre savoir-faire fran\u00e7ais et l\u2019engagement de nos salari\u00e9s au c\u0153ur de notre process de fabrication pour d\u00e9velopper notre phototh\u00e8que et nos supports de communication internes \/ externes.<\/p>\n<p>Cette mise en avant est une fiert\u00e9 pour nous ! L\u2019occasion de faire d\u00e9couvrir notre industrie au grand public et d\u2019\u00e9voquer les d\u00e9fis de recrutement auxquels nous faisons face, comme de nombreux acteurs du secteur papetier \/ cartonnier.<\/p>\n<p>\ud83c\udfa5 Nous tenons \u00e0 remercier une nouvelle fois France 3 AURA pour ce reportage !<\/p>\n<div style=\"width: 1500px;\" class=\"wp-video\"><video class=\"wp-video-shortcode\" id=\"video-4272-1\" width=\"1500\" height=\"938\" preload=\"metadata\" controls=\"controls\"><source type=\"video\/mp4\" src=\"https:\/\/larochette-cartonboard.com\/wp-content\/uploads\/2025\/02\/FR3_LRC_REPORTAGE.mp4?_=1\" \/><a href=\"https:\/\/larochette-cartonboard.com\/wp-content\/uploads\/2025\/02\/FR3_LRC_REPORTAGE.mp4\">https:\/\/larochette-cartonboard.com\/wp-content\/uploads\/2025\/02\/FR3_LRC_REPORTAGE.mp4<\/a><\/video><\/div>\n","protected":false},"excerpt":{"rendered":"<p>Jeudi 20 f\u00e9vrier, notre usine a \u00e9t\u00e9 mise en lumi\u00e8re dans le 19\/20 de France 3 AURA \u00e0 travers un reportage d\u00e9di\u00e9 \u00e0 notre collaboration avec J\u00e9r\u00f4me Poulalier, photographe industriel. En septembre 2024, J\u00e9r\u00f4me a captur\u00e9 nos m\u00e9tiers, notre savoir-faire fran\u00e7ais et l\u2019engagement de nos salari\u00e9s au c\u0153ur de notre process de fabrication pour d\u00e9velopper [&hellip;]<\/p>\n","protected":false},"author":6,"featured_media":4275,"comment_status":"open","ping_status":"open","sticky":false,"template":"","format":"standard","meta":{"footnotes":""},"categories":[18],"tags":[],"class_list":["post-4272","post","type-post","status-publish","format-standard","has-post-thumbnail","hentry","category-la-rochette-news-fr"],"yoast_head":"<!-- This site is optimized with the Yoast SEO plugin v27.4 - https:\/\/yoast.com\/product\/yoast-seo-wordpress\/ -->\n<title>La Rochette Cartonboard \u00e0 l&#039;honneur au JT de France 3 Auvergne-Rh\u00f4ne-Alpes ! - La Rochette Cartonboard SAS<\/title>\n<meta name=\"robots\" content=\"index, follow, max-snippet:-1, max-image-preview:large, max-video-preview:-1\" \/>\n<link rel=\"canonical\" href=\"https:\/\/larochette-cartonboard.com\/fr\/la-rochette-cartonboard-a-lhonneur-au-jt-de-france-3-auvergne-rhone-alpes\/\" \/>\n<meta property=\"og:locale\" content=\"fr_FR\" \/>\n<meta property=\"og:type\" content=\"article\" \/>\n<meta property=\"og:title\" content=\"La Rochette Cartonboard \u00e0 l&#039;honneur au JT de France 3 Auvergne-Rh\u00f4ne-Alpes ! - La Rochette Cartonboard SAS\" \/>\n<meta property=\"og:description\" content=\"Jeudi 20 f\u00e9vrier, notre usine a \u00e9t\u00e9 mise en lumi\u00e8re dans le 19\/20 de France 3 AURA \u00e0 travers un reportage d\u00e9di\u00e9 \u00e0 notre collaboration avec J\u00e9r\u00f4me Poulalier, photographe industriel. En septembre 2024, J\u00e9r\u00f4me a captur\u00e9 nos m\u00e9tiers, notre savoir-faire fran\u00e7ais et l\u2019engagement de nos salari\u00e9s au c\u0153ur de notre process de fabrication pour d\u00e9velopper [&hellip;]\" \/>\n<meta property=\"og:url\" content=\"https:\/\/larochette-cartonboard.com\/fr\/la-rochette-cartonboard-a-lhonneur-au-jt-de-france-3-auvergne-rhone-alpes\/\" \/>\n<meta property=\"og:site_name\" content=\"La Rochette Cartonboard SAS\" \/>\n<meta property=\"article:published_time\" content=\"2025-02-25T07:51:33+00:00\" \/>\n<meta property=\"og:image\" content=\"https:\/\/larochette-cartonboard.com\/wp-content\/uploads\/2025\/02\/camera-3633075_1280.jpg\" \/>\n\t<meta property=\"og:image:width\" content=\"1280\" \/>\n\t<meta property=\"og:image:height\" content=\"853\" \/>\n\t<meta property=\"og:image:type\" content=\"image\/jpeg\" \/>\n<meta name=\"author\" content=\"Alexia Guillet\" \/>\n<meta name=\"twitter:card\" content=\"summary_large_image\" \/>\n<meta name=\"twitter:label1\" content=\"\u00c9crit par\" \/>\n\t<meta name=\"twitter:data1\" content=\"Alexia Guillet\" \/>\n\t<meta name=\"twitter:label2\" content=\"Dur\u00e9e de lecture estim\u00e9e\" \/>\n\t<meta name=\"twitter:data2\" content=\"1 minute\" \/>\n<script type=\"application\/ld+json\" class=\"yoast-schema-graph\">{\"@context\":\"https:\\\/\\\/schema.org\",\"@graph\":[{\"@type\":\"Article\",\"@id\":\"https:\\\/\\\/larochette-cartonboard.com\\\/fr\\\/la-rochette-cartonboard-a-lhonneur-au-jt-de-france-3-auvergne-rhone-alpes\\\/#article\",\"isPartOf\":{\"@id\":\"https:\\\/\\\/larochette-cartonboard.com\\\/fr\\\/la-rochette-cartonboard-a-lhonneur-au-jt-de-france-3-auvergne-rhone-alpes\\\/\"},\"author\":{\"name\":\"Alexia Guillet\",\"@id\":\"https:\\\/\\\/larochette-cartonboard.com\\\/#\\\/schema\\\/person\\\/6ac21eb30032768444c359dbb384fc7d\"},\"headline\":\"La Rochette Cartonboard \u00e0 l&rsquo;honneur au JT de France 3 Auvergne-Rh\u00f4ne-Alpes !\",\"datePublished\":\"2025-02-25T07:51:33+00:00\",\"mainEntityOfPage\":{\"@id\":\"https:\\\/\\\/larochette-cartonboard.com\\\/fr\\\/la-rochette-cartonboard-a-lhonneur-au-jt-de-france-3-auvergne-rhone-alpes\\\/\"},\"wordCount\":148,\"commentCount\":0,\"publisher\":{\"@id\":\"https:\\\/\\\/larochette-cartonboard.com\\\/#organization\"},\"image\":{\"@id\":\"https:\\\/\\\/larochette-cartonboard.com\\\/fr\\\/la-rochette-cartonboard-a-lhonneur-au-jt-de-france-3-auvergne-rhone-alpes\\\/#primaryimage\"},\"thumbnailUrl\":\"https:\\\/\\\/larochette-cartonboard.com\\\/wp-content\\\/uploads\\\/2025\\\/02\\\/camera-3633075_1280.jpg\",\"articleSection\":[\"La Rochette News\"],\"inLanguage\":\"fr-FR\",\"potentialAction\":[{\"@type\":\"CommentAction\",\"name\":\"Comment\",\"target\":[\"https:\\\/\\\/larochette-cartonboard.com\\\/fr\\\/la-rochette-cartonboard-a-lhonneur-au-jt-de-france-3-auvergne-rhone-alpes\\\/#respond\"]}]},{\"@type\":\"WebPage\",\"@id\":\"https:\\\/\\\/larochette-cartonboard.com\\\/fr\\\/la-rochette-cartonboard-a-lhonneur-au-jt-de-france-3-auvergne-rhone-alpes\\\/\",\"url\":\"https:\\\/\\\/larochette-cartonboard.com\\\/fr\\\/la-rochette-cartonboard-a-lhonneur-au-jt-de-france-3-auvergne-rhone-alpes\\\/\",\"name\":\"La Rochette Cartonboard \u00e0 l'honneur au JT de France 3 Auvergne-Rh\u00f4ne-Alpes ! - La Rochette Cartonboard SAS\",\"isPartOf\":{\"@id\":\"https:\\\/\\\/larochette-cartonboard.com\\\/#website\"},\"primaryImageOfPage\":{\"@id\":\"https:\\\/\\\/larochette-cartonboard.com\\\/fr\\\/la-rochette-cartonboard-a-lhonneur-au-jt-de-france-3-auvergne-rhone-alpes\\\/#primaryimage\"},\"image\":{\"@id\":\"https:\\\/\\\/larochette-cartonboard.com\\\/fr\\\/la-rochette-cartonboard-a-lhonneur-au-jt-de-france-3-auvergne-rhone-alpes\\\/#primaryimage\"},\"thumbnailUrl\":\"https:\\\/\\\/larochette-cartonboard.com\\\/wp-content\\\/uploads\\\/2025\\\/02\\\/camera-3633075_1280.jpg\",\"datePublished\":\"2025-02-25T07:51:33+00:00\",\"breadcrumb\":{\"@id\":\"https:\\\/\\\/larochette-cartonboard.com\\\/fr\\\/la-rochette-cartonboard-a-lhonneur-au-jt-de-france-3-auvergne-rhone-alpes\\\/#breadcrumb\"},\"inLanguage\":\"fr-FR\",\"potentialAction\":[{\"@type\":\"ReadAction\",\"target\":[\"https:\\\/\\\/larochette-cartonboard.com\\\/fr\\\/la-rochette-cartonboard-a-lhonneur-au-jt-de-france-3-auvergne-rhone-alpes\\\/\"]}]},{\"@type\":\"ImageObject\",\"inLanguage\":\"fr-FR\",\"@id\":\"https:\\\/\\\/larochette-cartonboard.com\\\/fr\\\/la-rochette-cartonboard-a-lhonneur-au-jt-de-france-3-auvergne-rhone-alpes\\\/#primaryimage\",\"url\":\"https:\\\/\\\/larochette-cartonboard.com\\\/wp-content\\\/uploads\\\/2025\\\/02\\\/camera-3633075_1280.jpg\",\"contentUrl\":\"https:\\\/\\\/larochette-cartonboard.com\\\/wp-content\\\/uploads\\\/2025\\\/02\\\/camera-3633075_1280.jpg\",\"width\":1280,\"height\":853},{\"@type\":\"BreadcrumbList\",\"@id\":\"https:\\\/\\\/larochette-cartonboard.com\\\/fr\\\/la-rochette-cartonboard-a-lhonneur-au-jt-de-france-3-auvergne-rhone-alpes\\\/#breadcrumb\",\"itemListElement\":[{\"@type\":\"ListItem\",\"position\":1,\"name\":\"Home\",\"item\":\"https:\\\/\\\/larochette-cartonboard.com\\\/fr\\\/carton-plat-fibre-vierge-la-rochette-cartonboard-sas\\\/\"},{\"@type\":\"ListItem\",\"position\":2,\"name\":\"La Rochette Cartonboard \u00e0 l&rsquo;honneur au JT de France 3 Auvergne-Rh\u00f4ne-Alpes !\"}]},{\"@type\":\"WebSite\",\"@id\":\"https:\\\/\\\/larochette-cartonboard.com\\\/#website\",\"url\":\"https:\\\/\\\/larochette-cartonboard.com\\\/\",\"name\":\"La Rochette Cartonboard SAS\",\"description\":\"Website\",\"publisher\":{\"@id\":\"https:\\\/\\\/larochette-cartonboard.com\\\/#organization\"},\"potentialAction\":[{\"@type\":\"SearchAction\",\"target\":{\"@type\":\"EntryPoint\",\"urlTemplate\":\"https:\\\/\\\/larochette-cartonboard.com\\\/?s={search_term_string}\"},\"query-input\":{\"@type\":\"PropertyValueSpecification\",\"valueRequired\":true,\"valueName\":\"search_term_string\"}}],\"inLanguage\":\"fr-FR\"},{\"@type\":\"Organization\",\"@id\":\"https:\\\/\\\/larochette-cartonboard.com\\\/#organization\",\"name\":\"La Rochette Cartonboard SAS\",\"url\":\"https:\\\/\\\/larochette-cartonboard.com\\\/\",\"logo\":{\"@type\":\"ImageObject\",\"inLanguage\":\"fr-FR\",\"@id\":\"https:\\\/\\\/larochette-cartonboard.com\\\/#\\\/schema\\\/logo\\\/image\\\/\",\"url\":\"https:\\\/\\\/larochette-cartonboard.com\\\/wp-content\\\/uploads\\\/2021\\\/07\\\/LRC-Logo.svg\",\"contentUrl\":\"https:\\\/\\\/larochette-cartonboard.com\\\/wp-content\\\/uploads\\\/2021\\\/07\\\/LRC-Logo.svg\",\"width\":\"1030\",\"height\":\"1030\",\"caption\":\"La Rochette Cartonboard SAS\"},\"image\":{\"@id\":\"https:\\\/\\\/larochette-cartonboard.com\\\/#\\\/schema\\\/logo\\\/image\\\/\"}},{\"@type\":\"Person\",\"@id\":\"https:\\\/\\\/larochette-cartonboard.com\\\/#\\\/schema\\\/person\\\/6ac21eb30032768444c359dbb384fc7d\",\"name\":\"Alexia Guillet\",\"url\":\"https:\\\/\\\/larochette-cartonboard.com\\\/fr\\\/author\\\/alexia-guilletlarochette-cartonboard-com\\\/\"}]}<\/script>\n<!-- \/ Yoast SEO plugin. -->","yoast_head_json":{"title":"La Rochette Cartonboard \u00e0 l'honneur au JT de France 3 Auvergne-Rh\u00f4ne-Alpes ! - La Rochette Cartonboard SAS","robots":{"index":"index","follow":"follow","max-snippet":"max-snippet:-1","max-image-preview":"max-image-preview:large","max-video-preview":"max-video-preview:-1"},"canonical":"https:\/\/larochette-cartonboard.com\/fr\/la-rochette-cartonboard-a-lhonneur-au-jt-de-france-3-auvergne-rhone-alpes\/","og_locale":"fr_FR","og_type":"article","og_title":"La Rochette Cartonboard \u00e0 l'honneur au JT de France 3 Auvergne-Rh\u00f4ne-Alpes ! - La Rochette Cartonboard SAS","og_description":"Jeudi 20 f\u00e9vrier, notre usine a \u00e9t\u00e9 mise en lumi\u00e8re dans le 19\/20 de France 3 AURA \u00e0 travers un reportage d\u00e9di\u00e9 \u00e0 notre collaboration avec J\u00e9r\u00f4me Poulalier, photographe industriel. En septembre 2024, J\u00e9r\u00f4me a captur\u00e9 nos m\u00e9tiers, notre savoir-faire fran\u00e7ais et l\u2019engagement de nos salari\u00e9s au c\u0153ur de notre process de fabrication pour d\u00e9velopper [&hellip;]","og_url":"https:\/\/larochette-cartonboard.com\/fr\/la-rochette-cartonboard-a-lhonneur-au-jt-de-france-3-auvergne-rhone-alpes\/","og_site_name":"La Rochette Cartonboard SAS","article_published_time":"2025-02-25T07:51:33+00:00","og_image":[{"width":1280,"height":853,"url":"https:\/\/larochette-cartonboard.com\/wp-content\/uploads\/2025\/02\/camera-3633075_1280.jpg","type":"image\/jpeg"}],"author":"Alexia Guillet","twitter_card":"summary_large_image","twitter_misc":{"\u00c9crit par":"Alexia Guillet","Dur\u00e9e de lecture estim\u00e9e":"1 minute"},"schema":{"@context":"https:\/\/schema.org","@graph":[{"@type":"Article","@id":"https:\/\/larochette-cartonboard.com\/fr\/la-rochette-cartonboard-a-lhonneur-au-jt-de-france-3-auvergne-rhone-alpes\/#article","isPartOf":{"@id":"https:\/\/larochette-cartonboard.com\/fr\/la-rochette-cartonboard-a-lhonneur-au-jt-de-france-3-auvergne-rhone-alpes\/"},"author":{"name":"Alexia Guillet","@id":"https:\/\/larochette-cartonboard.com\/#\/schema\/person\/6ac21eb30032768444c359dbb384fc7d"},"headline":"La Rochette Cartonboard \u00e0 l&rsquo;honneur au JT de France 3 Auvergne-Rh\u00f4ne-Alpes !","datePublished":"2025-02-25T07:51:33+00:00","mainEntityOfPage":{"@id":"https:\/\/larochette-cartonboard.com\/fr\/la-rochette-cartonboard-a-lhonneur-au-jt-de-france-3-auvergne-rhone-alpes\/"},"wordCount":148,"commentCount":0,"publisher":{"@id":"https:\/\/larochette-cartonboard.com\/#organization"},"image":{"@id":"https:\/\/larochette-cartonboard.com\/fr\/la-rochette-cartonboard-a-lhonneur-au-jt-de-france-3-auvergne-rhone-alpes\/#primaryimage"},"thumbnailUrl":"https:\/\/larochette-cartonboard.com\/wp-content\/uploads\/2025\/02\/camera-3633075_1280.jpg","articleSection":["La Rochette News"],"inLanguage":"fr-FR","potentialAction":[{"@type":"CommentAction","name":"Comment","target":["https:\/\/larochette-cartonboard.com\/fr\/la-rochette-cartonboard-a-lhonneur-au-jt-de-france-3-auvergne-rhone-alpes\/#respond"]}]},{"@type":"WebPage","@id":"https:\/\/larochette-cartonboard.com\/fr\/la-rochette-cartonboard-a-lhonneur-au-jt-de-france-3-auvergne-rhone-alpes\/","url":"https:\/\/larochette-cartonboard.com\/fr\/la-rochette-cartonboard-a-lhonneur-au-jt-de-france-3-auvergne-rhone-alpes\/","name":"La Rochette Cartonboard \u00e0 l'honneur au JT de France 3 Auvergne-Rh\u00f4ne-Alpes ! - La Rochette Cartonboard SAS","isPartOf":{"@id":"https:\/\/larochette-cartonboard.com\/#website"},"primaryImageOfPage":{"@id":"https:\/\/larochette-cartonboard.com\/fr\/la-rochette-cartonboard-a-lhonneur-au-jt-de-france-3-auvergne-rhone-alpes\/#primaryimage"},"image":{"@id":"https:\/\/larochette-cartonboard.com\/fr\/la-rochette-cartonboard-a-lhonneur-au-jt-de-france-3-auvergne-rhone-alpes\/#primaryimage"},"thumbnailUrl":"https:\/\/larochette-cartonboard.com\/wp-content\/uploads\/2025\/02\/camera-3633075_1280.jpg","datePublished":"2025-02-25T07:51:33+00:00","breadcrumb":{"@id":"https:\/\/larochette-cartonboard.com\/fr\/la-rochette-cartonboard-a-lhonneur-au-jt-de-france-3-auvergne-rhone-alpes\/#breadcrumb"},"inLanguage":"fr-FR","potentialAction":[{"@type":"ReadAction","target":["https:\/\/larochette-cartonboard.com\/fr\/la-rochette-cartonboard-a-lhonneur-au-jt-de-france-3-auvergne-rhone-alpes\/"]}]},{"@type":"ImageObject","inLanguage":"fr-FR","@id":"https:\/\/larochette-cartonboard.com\/fr\/la-rochette-cartonboard-a-lhonneur-au-jt-de-france-3-auvergne-rhone-alpes\/#primaryimage","url":"https:\/\/larochette-cartonboard.com\/wp-content\/uploads\/2025\/02\/camera-3633075_1280.jpg","contentUrl":"https:\/\/larochette-cartonboard.com\/wp-content\/uploads\/2025\/02\/camera-3633075_1280.jpg","width":1280,"height":853},{"@type":"BreadcrumbList","@id":"https:\/\/larochette-cartonboard.com\/fr\/la-rochette-cartonboard-a-lhonneur-au-jt-de-france-3-auvergne-rhone-alpes\/#breadcrumb","itemListElement":[{"@type":"ListItem","position":1,"name":"Home","item":"https:\/\/larochette-cartonboard.com\/fr\/carton-plat-fibre-vierge-la-rochette-cartonboard-sas\/"},{"@type":"ListItem","position":2,"name":"La Rochette Cartonboard \u00e0 l&rsquo;honneur au JT de France 3 Auvergne-Rh\u00f4ne-Alpes !"}]},{"@type":"WebSite","@id":"https:\/\/larochette-cartonboard.com\/#website","url":"https:\/\/larochette-cartonboard.com\/","name":"La Rochette Cartonboard SAS","description":"Website","publisher":{"@id":"https:\/\/larochette-cartonboard.com\/#organization"},"potentialAction":[{"@type":"SearchAction","target":{"@type":"EntryPoint","urlTemplate":"https:\/\/larochette-cartonboard.com\/?s={search_term_string}"},"query-input":{"@type":"PropertyValueSpecification","valueRequired":true,"valueName":"search_term_string"}}],"inLanguage":"fr-FR"},{"@type":"Organization","@id":"https:\/\/larochette-cartonboard.com\/#organization","name":"La Rochette Cartonboard SAS","url":"https:\/\/larochette-cartonboard.com\/","logo":{"@type":"ImageObject","inLanguage":"fr-FR","@id":"https:\/\/larochette-cartonboard.com\/#\/schema\/logo\/image\/","url":"https:\/\/larochette-cartonboard.com\/wp-content\/uploads\/2021\/07\/LRC-Logo.svg","contentUrl":"https:\/\/larochette-cartonboard.com\/wp-content\/uploads\/2021\/07\/LRC-Logo.svg","width":"1030","height":"1030","caption":"La Rochette Cartonboard SAS"},"image":{"@id":"https:\/\/larochette-cartonboard.com\/#\/schema\/logo\/image\/"}},{"@type":"Person","@id":"https:\/\/larochette-cartonboard.com\/#\/schema\/person\/6ac21eb30032768444c359dbb384fc7d","name":"Alexia Guillet","url":"https:\/\/larochette-cartonboard.com\/fr\/author\/alexia-guilletlarochette-cartonboard-com\/"}]}},"_links":{"self":[{"href":"https:\/\/larochette-cartonboard.com\/fr\/wp-json\/wp\/v2\/posts\/4272","targetHints":{"allow":["GET"]}}],"collection":[{"href":"https:\/\/larochette-cartonboard.com\/fr\/wp-json\/wp\/v2\/posts"}],"about":[{"href":"https:\/\/larochette-cartonboard.com\/fr\/wp-json\/wp\/v2\/types\/post"}],"author":[{"embeddable":true,"href":"https:\/\/larochette-cartonboard.com\/fr\/wp-json\/wp\/v2\/users\/6"}],"replies":[{"embeddable":true,"href":"https:\/\/larochette-cartonboard.com\/fr\/wp-json\/wp\/v2\/comments?post=4272"}],"version-history":[{"count":2,"href":"https:\/\/larochette-cartonboard.com\/fr\/wp-json\/wp\/v2\/posts\/4272\/revisions"}],"predecessor-version":[{"id":4278,"href":"https:\/\/larochette-cartonboard.com\/fr\/wp-json\/wp\/v2\/posts\/4272\/revisions\/4278"}],"wp:featuredmedia":[{"embeddable":true,"href":"https:\/\/larochette-cartonboard.com\/fr\/wp-json\/wp\/v2\/media\/4275"}],"wp:attachment":[{"href":"https:\/\/larochette-cartonboard.com\/fr\/wp-json\/wp\/v2\/media?parent=4272"}],"wp:term":[{"taxonomy":"category","embeddable":true,"href":"https:\/\/larochette-cartonboard.com\/fr\/wp-json\/wp\/v2\/categories?post=4272"},{"taxonomy":"post_tag","embeddable":true,"href":"https:\/\/larochette-cartonboard.com\/fr\/wp-json\/wp\/v2\/tags?post=4272"}],"curies":[{"name":"wp","href":"https:\/\/api.w.org\/{rel}","templated":true}]}}