{"id":4040,"date":"2024-12-10T14:23:43","date_gmt":"2024-12-10T13:23:43","guid":{"rendered":"https:\/\/mero5907.odns.fr\/?p=4040"},"modified":"2024-12-10T14:23:43","modified_gmt":"2024-12-10T13:23:43","slug":"participation-au-mondial-des-metiers-de-lyon-a-eurexpo","status":"publish","type":"post","link":"https:\/\/larochette-cartonboard.com\/fr\/participation-au-mondial-des-metiers-de-lyon-a-eurexpo\/","title":{"rendered":"Participation au Mondial des M\u00e9tiers de Lyon \u00e0 Eurexpo"},"content":{"rendered":"<p>Jeudi 5 d\u00e9cembre, nous avons repr\u00e9sent\u00e9, aux c\u00f4t\u00e9s de nos confr\u00e8res, la fili\u00e8re papier \/ carton au Mondial des M\u00e9tiers \u00e0 Eurexpo Lyon sous le stand de l\u2019<a class=\"EvQUJBaxIRgFetdTQjAXvpGhCNvVbYEbE \" href=\"https:\/\/www.linkedin.com\/company\/industriepapiercarton\/\" target=\"_self\" data-test-app-aware-link=\"\">Industrie Papier Carton<\/a>.<\/p>\n<p>Au programme\u00a0:<\/p>\n<p>\ud83d\udc49 Partager notre savoir-faire et valoriser nos produits.<br \/>\n\ud83d\udc49 Inspirer les jeunes g\u00e9n\u00e9rations \u00e0 explorer les nombreuses opportunit\u00e9s qu\u2019offre notre industrie.<br \/>\n\ud83d\udc49 \u00c9changer avec d\u2019autres acteurs engag\u00e9s pour l\u2019avenir de nos m\u00e9tiers.<\/p>\n<p>Cet \u00e9v\u00e9nement a \u00e9galement \u00e9t\u00e9 l\u2019occasion de pr\u00e9senter les engagements environnementaux de notre industrie\u00a0: utilisation d\u2019\u00e9nergie renouvelable, r\u00e9duction de l\u2019empreinte carbone, promotion de l\u2019\u00e9conomie circulaire et innovation. \ud83c\udf31<\/p>\n<p>Merci aux visiteurs et partenaires\u00a0!<\/p>\n<p><img loading=\"lazy\" decoding=\"async\" class=\"alignnone  wp-image-4041\" src=\"http:\/\/mero5907.odns.fr\/wp-content\/uploads\/2024\/12\/20241205_111910-Copie-300x258.jpg\" alt=\"\" width=\"502\" height=\"432\" srcset=\"https:\/\/larochette-cartonboard.com\/wp-content\/uploads\/2024\/12\/20241205_111910-Copie-300x258.jpg 300w, https:\/\/larochette-cartonboard.com\/wp-content\/uploads\/2024\/12\/20241205_111910-Copie-1030x887.jpg 1030w, https:\/\/larochette-cartonboard.com\/wp-content\/uploads\/2024\/12\/20241205_111910-Copie-768x661.jpg 768w, https:\/\/larochette-cartonboard.com\/wp-content\/uploads\/2024\/12\/20241205_111910-Copie-1536x1322.jpg 1536w, https:\/\/larochette-cartonboard.com\/wp-content\/uploads\/2024\/12\/20241205_111910-Copie-2048x1763.jpg 2048w, https:\/\/larochette-cartonboard.com\/wp-content\/uploads\/2024\/12\/20241205_111910-Copie-1500x1291.jpg 1500w, https:\/\/larochette-cartonboard.com\/wp-content\/uploads\/2024\/12\/20241205_111910-Copie-705x607.jpg 705w\" sizes=\"auto, (max-width: 502px) 100vw, 502px\" \/><\/p>\n","protected":false},"excerpt":{"rendered":"<p>Jeudi 5 d\u00e9cembre, nous avons repr\u00e9sent\u00e9, aux c\u00f4t\u00e9s de nos confr\u00e8res, la fili\u00e8re papier \/ carton au Mondial des M\u00e9tiers \u00e0 Eurexpo Lyon sous le stand de l\u2019Industrie Papier Carton. Au programme\u00a0: \ud83d\udc49 Partager notre savoir-faire et valoriser nos produits. \ud83d\udc49 Inspirer les jeunes g\u00e9n\u00e9rations \u00e0 explorer les nombreuses opportunit\u00e9s qu\u2019offre notre industrie. \ud83d\udc49 \u00c9changer [&hellip;]<\/p>\n","protected":false},"author":6,"featured_media":4041,"comment_status":"open","ping_status":"open","sticky":false,"template":"","format":"standard","meta":{"footnotes":""},"categories":[18],"tags":[],"class_list":["post-4040","post","type-post","status-publish","format-standard","has-post-thumbnail","hentry","category-la-rochette-news-fr"],"yoast_head":"<!-- This site is optimized with the Yoast SEO plugin v27.4 - https:\/\/yoast.com\/product\/yoast-seo-wordpress\/ -->\n<title>Participation au Mondial des M\u00e9tiers de Lyon \u00e0 Eurexpo - La Rochette Cartonboard SAS<\/title>\n<meta name=\"robots\" content=\"index, follow, max-snippet:-1, max-image-preview:large, max-video-preview:-1\" \/>\n<link rel=\"canonical\" href=\"https:\/\/larochette-cartonboard.com\/fr\/participation-au-mondial-des-metiers-de-lyon-a-eurexpo\/\" \/>\n<meta property=\"og:locale\" content=\"fr_FR\" \/>\n<meta property=\"og:type\" content=\"article\" \/>\n<meta property=\"og:title\" content=\"Participation au Mondial des M\u00e9tiers de Lyon \u00e0 Eurexpo - La Rochette Cartonboard SAS\" \/>\n<meta property=\"og:description\" content=\"Jeudi 5 d\u00e9cembre, nous avons repr\u00e9sent\u00e9, aux c\u00f4t\u00e9s de nos confr\u00e8res, la fili\u00e8re papier \/ carton au Mondial des M\u00e9tiers \u00e0 Eurexpo Lyon sous le stand de l\u2019Industrie Papier Carton. Au programme\u00a0: \ud83d\udc49 Partager notre savoir-faire et valoriser nos produits. \ud83d\udc49 Inspirer les jeunes g\u00e9n\u00e9rations \u00e0 explorer les nombreuses opportunit\u00e9s qu\u2019offre notre industrie. \ud83d\udc49 \u00c9changer [&hellip;]\" \/>\n<meta property=\"og:url\" content=\"https:\/\/larochette-cartonboard.com\/fr\/participation-au-mondial-des-metiers-de-lyon-a-eurexpo\/\" \/>\n<meta property=\"og:site_name\" content=\"La Rochette Cartonboard SAS\" \/>\n<meta property=\"article:published_time\" content=\"2024-12-10T13:23:43+00:00\" \/>\n<meta property=\"og:image\" content=\"https:\/\/larochette-cartonboard.com\/wp-content\/uploads\/2024\/12\/20241205_111910-Copie-1030x887.jpg\" \/>\n\t<meta property=\"og:image:width\" content=\"1030\" \/>\n\t<meta property=\"og:image:height\" content=\"887\" \/>\n\t<meta property=\"og:image:type\" content=\"image\/jpeg\" \/>\n<meta name=\"author\" content=\"Alexia Guillet\" \/>\n<meta name=\"twitter:card\" content=\"summary_large_image\" \/>\n<meta name=\"twitter:label1\" content=\"\u00c9crit par\" \/>\n\t<meta name=\"twitter:data1\" content=\"Alexia Guillet\" \/>\n\t<meta name=\"twitter:label2\" content=\"Dur\u00e9e de lecture estim\u00e9e\" \/>\n\t<meta name=\"twitter:data2\" content=\"1 minute\" \/>\n<script type=\"application\/ld+json\" class=\"yoast-schema-graph\">{\"@context\":\"https:\\\/\\\/schema.org\",\"@graph\":[{\"@type\":\"Article\",\"@id\":\"https:\\\/\\\/larochette-cartonboard.com\\\/fr\\\/participation-au-mondial-des-metiers-de-lyon-a-eurexpo\\\/#article\",\"isPartOf\":{\"@id\":\"https:\\\/\\\/larochette-cartonboard.com\\\/fr\\\/participation-au-mondial-des-metiers-de-lyon-a-eurexpo\\\/\"},\"author\":{\"name\":\"Alexia Guillet\",\"@id\":\"https:\\\/\\\/larochette-cartonboard.com\\\/#\\\/schema\\\/person\\\/6ac21eb30032768444c359dbb384fc7d\"},\"headline\":\"Participation au Mondial des M\u00e9tiers de Lyon \u00e0 Eurexpo\",\"datePublished\":\"2024-12-10T13:23:43+00:00\",\"mainEntityOfPage\":{\"@id\":\"https:\\\/\\\/larochette-cartonboard.com\\\/fr\\\/participation-au-mondial-des-metiers-de-lyon-a-eurexpo\\\/\"},\"wordCount\":121,\"commentCount\":0,\"publisher\":{\"@id\":\"https:\\\/\\\/larochette-cartonboard.com\\\/#organization\"},\"image\":{\"@id\":\"https:\\\/\\\/larochette-cartonboard.com\\\/fr\\\/participation-au-mondial-des-metiers-de-lyon-a-eurexpo\\\/#primaryimage\"},\"thumbnailUrl\":\"https:\\\/\\\/larochette-cartonboard.com\\\/wp-content\\\/uploads\\\/2024\\\/12\\\/20241205_111910-Copie-scaled.jpg\",\"articleSection\":[\"La Rochette News\"],\"inLanguage\":\"fr-FR\",\"potentialAction\":[{\"@type\":\"CommentAction\",\"name\":\"Comment\",\"target\":[\"https:\\\/\\\/larochette-cartonboard.com\\\/fr\\\/participation-au-mondial-des-metiers-de-lyon-a-eurexpo\\\/#respond\"]}]},{\"@type\":\"WebPage\",\"@id\":\"https:\\\/\\\/larochette-cartonboard.com\\\/fr\\\/participation-au-mondial-des-metiers-de-lyon-a-eurexpo\\\/\",\"url\":\"https:\\\/\\\/larochette-cartonboard.com\\\/fr\\\/participation-au-mondial-des-metiers-de-lyon-a-eurexpo\\\/\",\"name\":\"Participation au Mondial des M\u00e9tiers de Lyon \u00e0 Eurexpo - La Rochette Cartonboard SAS\",\"isPartOf\":{\"@id\":\"https:\\\/\\\/larochette-cartonboard.com\\\/#website\"},\"primaryImageOfPage\":{\"@id\":\"https:\\\/\\\/larochette-cartonboard.com\\\/fr\\\/participation-au-mondial-des-metiers-de-lyon-a-eurexpo\\\/#primaryimage\"},\"image\":{\"@id\":\"https:\\\/\\\/larochette-cartonboard.com\\\/fr\\\/participation-au-mondial-des-metiers-de-lyon-a-eurexpo\\\/#primaryimage\"},\"thumbnailUrl\":\"https:\\\/\\\/larochette-cartonboard.com\\\/wp-content\\\/uploads\\\/2024\\\/12\\\/20241205_111910-Copie-scaled.jpg\",\"datePublished\":\"2024-12-10T13:23:43+00:00\",\"breadcrumb\":{\"@id\":\"https:\\\/\\\/larochette-cartonboard.com\\\/fr\\\/participation-au-mondial-des-metiers-de-lyon-a-eurexpo\\\/#breadcrumb\"},\"inLanguage\":\"fr-FR\",\"potentialAction\":[{\"@type\":\"ReadAction\",\"target\":[\"https:\\\/\\\/larochette-cartonboard.com\\\/fr\\\/participation-au-mondial-des-metiers-de-lyon-a-eurexpo\\\/\"]}]},{\"@type\":\"ImageObject\",\"inLanguage\":\"fr-FR\",\"@id\":\"https:\\\/\\\/larochette-cartonboard.com\\\/fr\\\/participation-au-mondial-des-metiers-de-lyon-a-eurexpo\\\/#primaryimage\",\"url\":\"https:\\\/\\\/larochette-cartonboard.com\\\/wp-content\\\/uploads\\\/2024\\\/12\\\/20241205_111910-Copie-scaled.jpg\",\"contentUrl\":\"https:\\\/\\\/larochette-cartonboard.com\\\/wp-content\\\/uploads\\\/2024\\\/12\\\/20241205_111910-Copie-scaled.jpg\",\"width\":2560,\"height\":2203},{\"@type\":\"BreadcrumbList\",\"@id\":\"https:\\\/\\\/larochette-cartonboard.com\\\/fr\\\/participation-au-mondial-des-metiers-de-lyon-a-eurexpo\\\/#breadcrumb\",\"itemListElement\":[{\"@type\":\"ListItem\",\"position\":1,\"name\":\"Home\",\"item\":\"https:\\\/\\\/larochette-cartonboard.com\\\/fr\\\/carton-plat-fibre-vierge-la-rochette-cartonboard-sas\\\/\"},{\"@type\":\"ListItem\",\"position\":2,\"name\":\"Participation au Mondial des M\u00e9tiers de Lyon \u00e0 Eurexpo\"}]},{\"@type\":\"WebSite\",\"@id\":\"https:\\\/\\\/larochette-cartonboard.com\\\/#website\",\"url\":\"https:\\\/\\\/larochette-cartonboard.com\\\/\",\"name\":\"La Rochette Cartonboard SAS\",\"description\":\"Website\",\"publisher\":{\"@id\":\"https:\\\/\\\/larochette-cartonboard.com\\\/#organization\"},\"potentialAction\":[{\"@type\":\"SearchAction\",\"target\":{\"@type\":\"EntryPoint\",\"urlTemplate\":\"https:\\\/\\\/larochette-cartonboard.com\\\/?s={search_term_string}\"},\"query-input\":{\"@type\":\"PropertyValueSpecification\",\"valueRequired\":true,\"valueName\":\"search_term_string\"}}],\"inLanguage\":\"fr-FR\"},{\"@type\":\"Organization\",\"@id\":\"https:\\\/\\\/larochette-cartonboard.com\\\/#organization\",\"name\":\"La Rochette Cartonboard SAS\",\"url\":\"https:\\\/\\\/larochette-cartonboard.com\\\/\",\"logo\":{\"@type\":\"ImageObject\",\"inLanguage\":\"fr-FR\",\"@id\":\"https:\\\/\\\/larochette-cartonboard.com\\\/#\\\/schema\\\/logo\\\/image\\\/\",\"url\":\"https:\\\/\\\/larochette-cartonboard.com\\\/wp-content\\\/uploads\\\/2021\\\/07\\\/LRC-Logo.svg\",\"contentUrl\":\"https:\\\/\\\/larochette-cartonboard.com\\\/wp-content\\\/uploads\\\/2021\\\/07\\\/LRC-Logo.svg\",\"width\":\"1030\",\"height\":\"1030\",\"caption\":\"La Rochette Cartonboard SAS\"},\"image\":{\"@id\":\"https:\\\/\\\/larochette-cartonboard.com\\\/#\\\/schema\\\/logo\\\/image\\\/\"}},{\"@type\":\"Person\",\"@id\":\"https:\\\/\\\/larochette-cartonboard.com\\\/#\\\/schema\\\/person\\\/6ac21eb30032768444c359dbb384fc7d\",\"name\":\"Alexia Guillet\",\"url\":\"https:\\\/\\\/larochette-cartonboard.com\\\/fr\\\/author\\\/alexia-guilletlarochette-cartonboard-com\\\/\"}]}<\/script>\n<!-- \/ Yoast SEO plugin. -->","yoast_head_json":{"title":"Participation au Mondial des M\u00e9tiers de Lyon \u00e0 Eurexpo - La Rochette Cartonboard SAS","robots":{"index":"index","follow":"follow","max-snippet":"max-snippet:-1","max-image-preview":"max-image-preview:large","max-video-preview":"max-video-preview:-1"},"canonical":"https:\/\/larochette-cartonboard.com\/fr\/participation-au-mondial-des-metiers-de-lyon-a-eurexpo\/","og_locale":"fr_FR","og_type":"article","og_title":"Participation au Mondial des M\u00e9tiers de Lyon \u00e0 Eurexpo - La Rochette Cartonboard SAS","og_description":"Jeudi 5 d\u00e9cembre, nous avons repr\u00e9sent\u00e9, aux c\u00f4t\u00e9s de nos confr\u00e8res, la fili\u00e8re papier \/ carton au Mondial des M\u00e9tiers \u00e0 Eurexpo Lyon sous le stand de l\u2019Industrie Papier Carton. Au programme\u00a0: \ud83d\udc49 Partager notre savoir-faire et valoriser nos produits. \ud83d\udc49 Inspirer les jeunes g\u00e9n\u00e9rations \u00e0 explorer les nombreuses opportunit\u00e9s qu\u2019offre notre industrie. \ud83d\udc49 \u00c9changer [&hellip;]","og_url":"https:\/\/larochette-cartonboard.com\/fr\/participation-au-mondial-des-metiers-de-lyon-a-eurexpo\/","og_site_name":"La Rochette Cartonboard SAS","article_published_time":"2024-12-10T13:23:43+00:00","og_image":[{"width":1030,"height":887,"url":"https:\/\/larochette-cartonboard.com\/wp-content\/uploads\/2024\/12\/20241205_111910-Copie-1030x887.jpg","type":"image\/jpeg"}],"author":"Alexia Guillet","twitter_card":"summary_large_image","twitter_misc":{"\u00c9crit par":"Alexia Guillet","Dur\u00e9e de lecture estim\u00e9e":"1 minute"},"schema":{"@context":"https:\/\/schema.org","@graph":[{"@type":"Article","@id":"https:\/\/larochette-cartonboard.com\/fr\/participation-au-mondial-des-metiers-de-lyon-a-eurexpo\/#article","isPartOf":{"@id":"https:\/\/larochette-cartonboard.com\/fr\/participation-au-mondial-des-metiers-de-lyon-a-eurexpo\/"},"author":{"name":"Alexia Guillet","@id":"https:\/\/larochette-cartonboard.com\/#\/schema\/person\/6ac21eb30032768444c359dbb384fc7d"},"headline":"Participation au Mondial des M\u00e9tiers de Lyon \u00e0 Eurexpo","datePublished":"2024-12-10T13:23:43+00:00","mainEntityOfPage":{"@id":"https:\/\/larochette-cartonboard.com\/fr\/participation-au-mondial-des-metiers-de-lyon-a-eurexpo\/"},"wordCount":121,"commentCount":0,"publisher":{"@id":"https:\/\/larochette-cartonboard.com\/#organization"},"image":{"@id":"https:\/\/larochette-cartonboard.com\/fr\/participation-au-mondial-des-metiers-de-lyon-a-eurexpo\/#primaryimage"},"thumbnailUrl":"https:\/\/larochette-cartonboard.com\/wp-content\/uploads\/2024\/12\/20241205_111910-Copie-scaled.jpg","articleSection":["La Rochette News"],"inLanguage":"fr-FR","potentialAction":[{"@type":"CommentAction","name":"Comment","target":["https:\/\/larochette-cartonboard.com\/fr\/participation-au-mondial-des-metiers-de-lyon-a-eurexpo\/#respond"]}]},{"@type":"WebPage","@id":"https:\/\/larochette-cartonboard.com\/fr\/participation-au-mondial-des-metiers-de-lyon-a-eurexpo\/","url":"https:\/\/larochette-cartonboard.com\/fr\/participation-au-mondial-des-metiers-de-lyon-a-eurexpo\/","name":"Participation au Mondial des M\u00e9tiers de Lyon \u00e0 Eurexpo - La Rochette Cartonboard SAS","isPartOf":{"@id":"https:\/\/larochette-cartonboard.com\/#website"},"primaryImageOfPage":{"@id":"https:\/\/larochette-cartonboard.com\/fr\/participation-au-mondial-des-metiers-de-lyon-a-eurexpo\/#primaryimage"},"image":{"@id":"https:\/\/larochette-cartonboard.com\/fr\/participation-au-mondial-des-metiers-de-lyon-a-eurexpo\/#primaryimage"},"thumbnailUrl":"https:\/\/larochette-cartonboard.com\/wp-content\/uploads\/2024\/12\/20241205_111910-Copie-scaled.jpg","datePublished":"2024-12-10T13:23:43+00:00","breadcrumb":{"@id":"https:\/\/larochette-cartonboard.com\/fr\/participation-au-mondial-des-metiers-de-lyon-a-eurexpo\/#breadcrumb"},"inLanguage":"fr-FR","potentialAction":[{"@type":"ReadAction","target":["https:\/\/larochette-cartonboard.com\/fr\/participation-au-mondial-des-metiers-de-lyon-a-eurexpo\/"]}]},{"@type":"ImageObject","inLanguage":"fr-FR","@id":"https:\/\/larochette-cartonboard.com\/fr\/participation-au-mondial-des-metiers-de-lyon-a-eurexpo\/#primaryimage","url":"https:\/\/larochette-cartonboard.com\/wp-content\/uploads\/2024\/12\/20241205_111910-Copie-scaled.jpg","contentUrl":"https:\/\/larochette-cartonboard.com\/wp-content\/uploads\/2024\/12\/20241205_111910-Copie-scaled.jpg","width":2560,"height":2203},{"@type":"BreadcrumbList","@id":"https:\/\/larochette-cartonboard.com\/fr\/participation-au-mondial-des-metiers-de-lyon-a-eurexpo\/#breadcrumb","itemListElement":[{"@type":"ListItem","position":1,"name":"Home","item":"https:\/\/larochette-cartonboard.com\/fr\/carton-plat-fibre-vierge-la-rochette-cartonboard-sas\/"},{"@type":"ListItem","position":2,"name":"Participation au Mondial des M\u00e9tiers de Lyon \u00e0 Eurexpo"}]},{"@type":"WebSite","@id":"https:\/\/larochette-cartonboard.com\/#website","url":"https:\/\/larochette-cartonboard.com\/","name":"La Rochette Cartonboard SAS","description":"Website","publisher":{"@id":"https:\/\/larochette-cartonboard.com\/#organization"},"potentialAction":[{"@type":"SearchAction","target":{"@type":"EntryPoint","urlTemplate":"https:\/\/larochette-cartonboard.com\/?s={search_term_string}"},"query-input":{"@type":"PropertyValueSpecification","valueRequired":true,"valueName":"search_term_string"}}],"inLanguage":"fr-FR"},{"@type":"Organization","@id":"https:\/\/larochette-cartonboard.com\/#organization","name":"La Rochette Cartonboard SAS","url":"https:\/\/larochette-cartonboard.com\/","logo":{"@type":"ImageObject","inLanguage":"fr-FR","@id":"https:\/\/larochette-cartonboard.com\/#\/schema\/logo\/image\/","url":"https:\/\/larochette-cartonboard.com\/wp-content\/uploads\/2021\/07\/LRC-Logo.svg","contentUrl":"https:\/\/larochette-cartonboard.com\/wp-content\/uploads\/2021\/07\/LRC-Logo.svg","width":"1030","height":"1030","caption":"La Rochette Cartonboard SAS"},"image":{"@id":"https:\/\/larochette-cartonboard.com\/#\/schema\/logo\/image\/"}},{"@type":"Person","@id":"https:\/\/larochette-cartonboard.com\/#\/schema\/person\/6ac21eb30032768444c359dbb384fc7d","name":"Alexia Guillet","url":"https:\/\/larochette-cartonboard.com\/fr\/author\/alexia-guilletlarochette-cartonboard-com\/"}]}},"_links":{"self":[{"href":"https:\/\/larochette-cartonboard.com\/fr\/wp-json\/wp\/v2\/posts\/4040","targetHints":{"allow":["GET"]}}],"collection":[{"href":"https:\/\/larochette-cartonboard.com\/fr\/wp-json\/wp\/v2\/posts"}],"about":[{"href":"https:\/\/larochette-cartonboard.com\/fr\/wp-json\/wp\/v2\/types\/post"}],"author":[{"embeddable":true,"href":"https:\/\/larochette-cartonboard.com\/fr\/wp-json\/wp\/v2\/users\/6"}],"replies":[{"embeddable":true,"href":"https:\/\/larochette-cartonboard.com\/fr\/wp-json\/wp\/v2\/comments?post=4040"}],"version-history":[{"count":2,"href":"https:\/\/larochette-cartonboard.com\/fr\/wp-json\/wp\/v2\/posts\/4040\/revisions"}],"predecessor-version":[{"id":4044,"href":"https:\/\/larochette-cartonboard.com\/fr\/wp-json\/wp\/v2\/posts\/4040\/revisions\/4044"}],"wp:featuredmedia":[{"embeddable":true,"href":"https:\/\/larochette-cartonboard.com\/fr\/wp-json\/wp\/v2\/media\/4041"}],"wp:attachment":[{"href":"https:\/\/larochette-cartonboard.com\/fr\/wp-json\/wp\/v2\/media?parent=4040"}],"wp:term":[{"taxonomy":"category","embeddable":true,"href":"https:\/\/larochette-cartonboard.com\/fr\/wp-json\/wp\/v2\/categories?post=4040"},{"taxonomy":"post_tag","embeddable":true,"href":"https:\/\/larochette-cartonboard.com\/fr\/wp-json\/wp\/v2\/tags?post=4040"}],"curies":[{"name":"wp","href":"https:\/\/api.w.org\/{rel}","templated":true}]}}