{"id":2424,"date":"2023-05-04T10:09:05","date_gmt":"2023-05-04T08:09:05","guid":{"rendered":"https:\/\/larochette-cartonboard.com\/?p=2424"},"modified":"2023-05-04T10:09:12","modified_gmt":"2023-05-04T08:09:12","slug":"vernissage-de-notre-exposition-photo-a-la-mediatheque-de-valgelon-la-rochette","status":"publish","type":"post","link":"https:\/\/larochette-cartonboard.com\/fr\/vernissage-de-notre-exposition-photo-a-la-mediatheque-de-valgelon-la-rochette\/","title":{"rendered":"Vernissage de notre exposition photo \u00e0 la m\u00e9diath\u00e8que de Valgelon-La-Rochette"},"content":{"rendered":"<p>Ce vendredi 28 avril, nous avons organis\u00e9 le vernissage de notre exposition photo \u00e0 la m\u00e9diath\u00e8que de Valgelon-La-Rochette.<br \/>\nUn moment riche en \u00e9motion devant plus de 55 participants\u00a0: \u00e9lus locaux, partenaires et associations.<\/p>\n<p>Cet \u00e9v\u00e9nement est un accomplissement et une fiert\u00e9 de pr\u00e9senter 150 ans d\u2019histoire au service du carton et notre ancrage territorial en photographie.<\/p>\n<p>Un grand merci \u00e0 B\u00e9atrice SANTAIS, pr\u00e9sidente de\u00a0<a href=\"https:\/\/www.linkedin.com\/company\/c%C5%93ur-de-savoie\/\" data-attribute-index=\"0\" data-entity-type=\"MINI_COMPANY\">Communaut\u00e9 de communes C\u0153ur de Savoie<\/a>\u00a0et St\u00e9phane DUPARC, vice-pr\u00e9sident Communaut\u00e9 de communes C\u0153ur de Savoie pour leurs participations. Merci \u00e9galement \u00e0 David Ates Maire de Valgelon-La-Rochette, Jacky Donjon Maire d\u00e9l\u00e9gu\u00e9 de La Rochette et Jacky Gachet Maire d\u00e9l\u00e9gu\u00e9 d\u2019\u00c9table pour leurs pr\u00e9sences et leurs discours.<\/p>\n<p>Pour rappel, nos 700 photos sont expos\u00e9es jusqu\u2019au 22 mai 2023, n\u2019attendez plus\u00a0!<\/p>\n<p><img loading=\"lazy\" decoding=\"async\" class=\"alignnone size-medium wp-image-2425\" src=\"https:\/\/larochette-cartonboard.com\/wp-content\/uploads\/2023\/05\/ExpoLRC150-9-sur-30-300x200.jpg\" alt=\"\" width=\"300\" height=\"200\" srcset=\"https:\/\/larochette-cartonboard.com\/wp-content\/uploads\/2023\/05\/ExpoLRC150-9-sur-30-300x200.jpg 300w, https:\/\/larochette-cartonboard.com\/wp-content\/uploads\/2023\/05\/ExpoLRC150-9-sur-30-1030x687.jpg 1030w, https:\/\/larochette-cartonboard.com\/wp-content\/uploads\/2023\/05\/ExpoLRC150-9-sur-30-768x512.jpg 768w, https:\/\/larochette-cartonboard.com\/wp-content\/uploads\/2023\/05\/ExpoLRC150-9-sur-30-1536x1024.jpg 1536w, https:\/\/larochette-cartonboard.com\/wp-content\/uploads\/2023\/05\/ExpoLRC150-9-sur-30-2048x1365.jpg 2048w, https:\/\/larochette-cartonboard.com\/wp-content\/uploads\/2023\/05\/ExpoLRC150-9-sur-30-1500x1000.jpg 1500w, https:\/\/larochette-cartonboard.com\/wp-content\/uploads\/2023\/05\/ExpoLRC150-9-sur-30-705x470.jpg 705w\" sizes=\"auto, (max-width: 300px) 100vw, 300px\" \/> <img loading=\"lazy\" decoding=\"async\" class=\"alignnone size-medium wp-image-2427\" src=\"https:\/\/larochette-cartonboard.com\/wp-content\/uploads\/2023\/05\/ExpoLRC150-30-sur-30-300x200.jpg\" alt=\"\" width=\"300\" height=\"200\" srcset=\"https:\/\/larochette-cartonboard.com\/wp-content\/uploads\/2023\/05\/ExpoLRC150-30-sur-30-300x200.jpg 300w, https:\/\/larochette-cartonboard.com\/wp-content\/uploads\/2023\/05\/ExpoLRC150-30-sur-30-1030x687.jpg 1030w, https:\/\/larochette-cartonboard.com\/wp-content\/uploads\/2023\/05\/ExpoLRC150-30-sur-30-768x512.jpg 768w, https:\/\/larochette-cartonboard.com\/wp-content\/uploads\/2023\/05\/ExpoLRC150-30-sur-30-1536x1024.jpg 1536w, https:\/\/larochette-cartonboard.com\/wp-content\/uploads\/2023\/05\/ExpoLRC150-30-sur-30-2048x1365.jpg 2048w, https:\/\/larochette-cartonboard.com\/wp-content\/uploads\/2023\/05\/ExpoLRC150-30-sur-30-1500x1000.jpg 1500w, https:\/\/larochette-cartonboard.com\/wp-content\/uploads\/2023\/05\/ExpoLRC150-30-sur-30-705x470.jpg 705w\" sizes=\"auto, (max-width: 300px) 100vw, 300px\" \/> <img loading=\"lazy\" decoding=\"async\" class=\"alignnone wp-image-2429\" src=\"https:\/\/larochette-cartonboard.com\/wp-content\/uploads\/2023\/05\/ExpoLRC150-17-sur-30-300x167.jpg\" alt=\"\" width=\"359\" height=\"200\" srcset=\"https:\/\/larochette-cartonboard.com\/wp-content\/uploads\/2023\/05\/ExpoLRC150-17-sur-30-300x167.jpg 300w, https:\/\/larochette-cartonboard.com\/wp-content\/uploads\/2023\/05\/ExpoLRC150-17-sur-30-1030x572.jpg 1030w, https:\/\/larochette-cartonboard.com\/wp-content\/uploads\/2023\/05\/ExpoLRC150-17-sur-30-768x426.jpg 768w, https:\/\/larochette-cartonboard.com\/wp-content\/uploads\/2023\/05\/ExpoLRC150-17-sur-30-1536x853.jpg 1536w, https:\/\/larochette-cartonboard.com\/wp-content\/uploads\/2023\/05\/ExpoLRC150-17-sur-30-2048x1137.jpg 2048w, https:\/\/larochette-cartonboard.com\/wp-content\/uploads\/2023\/05\/ExpoLRC150-17-sur-30-1500x833.jpg 1500w, https:\/\/larochette-cartonboard.com\/wp-content\/uploads\/2023\/05\/ExpoLRC150-17-sur-30-705x391.jpg 705w\" sizes=\"auto, (max-width: 359px) 100vw, 359px\" \/><\/p>\n","protected":false},"excerpt":{"rendered":"<p>Ce vendredi 28 avril, nous avons organis\u00e9 le vernissage de notre exposition photo \u00e0 la m\u00e9diath\u00e8que de Valgelon-La-Rochette. Un moment riche en \u00e9motion devant plus de 55 participants\u00a0: \u00e9lus locaux, partenaires et associations. Cet \u00e9v\u00e9nement est un accomplissement et une fiert\u00e9 de pr\u00e9senter 150 ans d\u2019histoire au service du carton et notre ancrage territorial en [&hellip;]<\/p>\n","protected":false},"author":6,"featured_media":2425,"comment_status":"closed","ping_status":"closed","sticky":false,"template":"","format":"standard","meta":{"footnotes":""},"categories":[18],"tags":[],"class_list":["post-2424","post","type-post","status-publish","format-standard","has-post-thumbnail","hentry","category-la-rochette-news-fr"],"yoast_head":"<!-- This site is optimized with the Yoast SEO plugin v27.4 - https:\/\/yoast.com\/product\/yoast-seo-wordpress\/ -->\n<title>Vernissage de notre exposition photo \u00e0 la m\u00e9diath\u00e8que de Valgelon-La-Rochette - La Rochette Cartonboard SAS<\/title>\n<meta name=\"robots\" content=\"index, follow, max-snippet:-1, max-image-preview:large, max-video-preview:-1\" \/>\n<link rel=\"canonical\" href=\"https:\/\/larochette-cartonboard.com\/2432\/\" \/>\n<meta property=\"og:locale\" content=\"fr_FR\" \/>\n<meta property=\"og:type\" content=\"article\" \/>\n<meta property=\"og:title\" content=\"Vernissage de notre exposition photo \u00e0 la m\u00e9diath\u00e8que de Valgelon-La-Rochette - La Rochette Cartonboard SAS\" \/>\n<meta property=\"og:description\" content=\"Ce vendredi 28 avril, nous avons organis\u00e9 le vernissage de notre exposition photo \u00e0 la m\u00e9diath\u00e8que de Valgelon-La-Rochette. Un moment riche en \u00e9motion devant plus de 55 participants\u00a0: \u00e9lus locaux, partenaires et associations. Cet \u00e9v\u00e9nement est un accomplissement et une fiert\u00e9 de pr\u00e9senter 150 ans d\u2019histoire au service du carton et notre ancrage territorial en [&hellip;]\" \/>\n<meta property=\"og:url\" content=\"https:\/\/larochette-cartonboard.com\/2432\/\" \/>\n<meta property=\"og:site_name\" content=\"La Rochette Cartonboard SAS\" \/>\n<meta property=\"article:published_time\" content=\"2023-05-04T08:09:05+00:00\" \/>\n<meta property=\"article:modified_time\" content=\"2023-05-04T08:09:12+00:00\" \/>\n<meta property=\"og:image\" content=\"https:\/\/larochette-cartonboard.com\/wp-content\/uploads\/2023\/05\/ExpoLRC150-9-sur-30-1030x687.jpg\" \/>\n\t<meta property=\"og:image:width\" content=\"1030\" \/>\n\t<meta property=\"og:image:height\" content=\"687\" \/>\n\t<meta property=\"og:image:type\" content=\"image\/jpeg\" \/>\n<meta name=\"author\" content=\"Alexia Guillet\" \/>\n<meta name=\"twitter:card\" content=\"summary_large_image\" \/>\n<meta name=\"twitter:label1\" content=\"\u00c9crit par\" \/>\n\t<meta name=\"twitter:data1\" content=\"Alexia Guillet\" \/>\n\t<meta name=\"twitter:label2\" content=\"Dur\u00e9e de lecture estim\u00e9e\" \/>\n\t<meta name=\"twitter:data2\" content=\"2 minutes\" \/>\n<script type=\"application\/ld+json\" class=\"yoast-schema-graph\">{\"@context\":\"https:\\\/\\\/schema.org\",\"@graph\":[{\"@type\":\"Article\",\"@id\":\"https:\\\/\\\/larochette-cartonboard.com\\\/2432\\\/#article\",\"isPartOf\":{\"@id\":\"https:\\\/\\\/larochette-cartonboard.com\\\/2432\\\/\"},\"author\":{\"name\":\"Alexia Guillet\",\"@id\":\"https:\\\/\\\/larochette-cartonboard.com\\\/#\\\/schema\\\/person\\\/6ac21eb30032768444c359dbb384fc7d\"},\"headline\":\"Vernissage de notre exposition photo \u00e0 la m\u00e9diath\u00e8que de Valgelon-La-Rochette\",\"datePublished\":\"2023-05-04T08:09:05+00:00\",\"dateModified\":\"2023-05-04T08:09:12+00:00\",\"mainEntityOfPage\":{\"@id\":\"https:\\\/\\\/larochette-cartonboard.com\\\/2432\\\/\"},\"wordCount\":145,\"publisher\":{\"@id\":\"https:\\\/\\\/larochette-cartonboard.com\\\/#organization\"},\"image\":{\"@id\":\"https:\\\/\\\/larochette-cartonboard.com\\\/2432\\\/#primaryimage\"},\"thumbnailUrl\":\"https:\\\/\\\/larochette-cartonboard.com\\\/wp-content\\\/uploads\\\/2023\\\/05\\\/ExpoLRC150-9-sur-30-scaled.jpg\",\"articleSection\":[\"La Rochette News\"],\"inLanguage\":\"fr-FR\"},{\"@type\":\"WebPage\",\"@id\":\"https:\\\/\\\/larochette-cartonboard.com\\\/2432\\\/\",\"url\":\"https:\\\/\\\/larochette-cartonboard.com\\\/2432\\\/\",\"name\":\"Vernissage de notre exposition photo \u00e0 la m\u00e9diath\u00e8que de Valgelon-La-Rochette - La Rochette Cartonboard SAS\",\"isPartOf\":{\"@id\":\"https:\\\/\\\/larochette-cartonboard.com\\\/#website\"},\"primaryImageOfPage\":{\"@id\":\"https:\\\/\\\/larochette-cartonboard.com\\\/2432\\\/#primaryimage\"},\"image\":{\"@id\":\"https:\\\/\\\/larochette-cartonboard.com\\\/2432\\\/#primaryimage\"},\"thumbnailUrl\":\"https:\\\/\\\/larochette-cartonboard.com\\\/wp-content\\\/uploads\\\/2023\\\/05\\\/ExpoLRC150-9-sur-30-scaled.jpg\",\"datePublished\":\"2023-05-04T08:09:05+00:00\",\"dateModified\":\"2023-05-04T08:09:12+00:00\",\"breadcrumb\":{\"@id\":\"https:\\\/\\\/larochette-cartonboard.com\\\/2432\\\/#breadcrumb\"},\"inLanguage\":\"fr-FR\",\"potentialAction\":[{\"@type\":\"ReadAction\",\"target\":[\"https:\\\/\\\/larochette-cartonboard.com\\\/2432\\\/\"]}]},{\"@type\":\"ImageObject\",\"inLanguage\":\"fr-FR\",\"@id\":\"https:\\\/\\\/larochette-cartonboard.com\\\/2432\\\/#primaryimage\",\"url\":\"https:\\\/\\\/larochette-cartonboard.com\\\/wp-content\\\/uploads\\\/2023\\\/05\\\/ExpoLRC150-9-sur-30-scaled.jpg\",\"contentUrl\":\"https:\\\/\\\/larochette-cartonboard.com\\\/wp-content\\\/uploads\\\/2023\\\/05\\\/ExpoLRC150-9-sur-30-scaled.jpg\",\"width\":2560,\"height\":1707},{\"@type\":\"BreadcrumbList\",\"@id\":\"https:\\\/\\\/larochette-cartonboard.com\\\/2432\\\/#breadcrumb\",\"itemListElement\":[{\"@type\":\"ListItem\",\"position\":1,\"name\":\"Home\",\"item\":\"https:\\\/\\\/larochette-cartonboard.com\\\/fr\\\/carton-plat-fibre-vierge-la-rochette-cartonboard-sas\\\/\"},{\"@type\":\"ListItem\",\"position\":2,\"name\":\"Vernissage de notre exposition photo \u00e0 la m\u00e9diath\u00e8que de Valgelon-La-Rochette\"}]},{\"@type\":\"WebSite\",\"@id\":\"https:\\\/\\\/larochette-cartonboard.com\\\/#website\",\"url\":\"https:\\\/\\\/larochette-cartonboard.com\\\/\",\"name\":\"La Rochette Cartonboard SAS\",\"description\":\"Website\",\"publisher\":{\"@id\":\"https:\\\/\\\/larochette-cartonboard.com\\\/#organization\"},\"potentialAction\":[{\"@type\":\"SearchAction\",\"target\":{\"@type\":\"EntryPoint\",\"urlTemplate\":\"https:\\\/\\\/larochette-cartonboard.com\\\/?s={search_term_string}\"},\"query-input\":{\"@type\":\"PropertyValueSpecification\",\"valueRequired\":true,\"valueName\":\"search_term_string\"}}],\"inLanguage\":\"fr-FR\"},{\"@type\":\"Organization\",\"@id\":\"https:\\\/\\\/larochette-cartonboard.com\\\/#organization\",\"name\":\"La Rochette Cartonboard SAS\",\"url\":\"https:\\\/\\\/larochette-cartonboard.com\\\/\",\"logo\":{\"@type\":\"ImageObject\",\"inLanguage\":\"fr-FR\",\"@id\":\"https:\\\/\\\/larochette-cartonboard.com\\\/#\\\/schema\\\/logo\\\/image\\\/\",\"url\":\"https:\\\/\\\/larochette-cartonboard.com\\\/wp-content\\\/uploads\\\/2021\\\/07\\\/LRC-Logo.svg\",\"contentUrl\":\"https:\\\/\\\/larochette-cartonboard.com\\\/wp-content\\\/uploads\\\/2021\\\/07\\\/LRC-Logo.svg\",\"width\":\"1030\",\"height\":\"1030\",\"caption\":\"La Rochette Cartonboard SAS\"},\"image\":{\"@id\":\"https:\\\/\\\/larochette-cartonboard.com\\\/#\\\/schema\\\/logo\\\/image\\\/\"}},{\"@type\":\"Person\",\"@id\":\"https:\\\/\\\/larochette-cartonboard.com\\\/#\\\/schema\\\/person\\\/6ac21eb30032768444c359dbb384fc7d\",\"name\":\"Alexia Guillet\",\"url\":\"https:\\\/\\\/larochette-cartonboard.com\\\/fr\\\/author\\\/alexia-guilletlarochette-cartonboard-com\\\/\"}]}<\/script>\n<!-- \/ Yoast SEO plugin. -->","yoast_head_json":{"title":"Vernissage de notre exposition photo \u00e0 la m\u00e9diath\u00e8que de Valgelon-La-Rochette - La Rochette Cartonboard SAS","robots":{"index":"index","follow":"follow","max-snippet":"max-snippet:-1","max-image-preview":"max-image-preview:large","max-video-preview":"max-video-preview:-1"},"canonical":"https:\/\/larochette-cartonboard.com\/2432\/","og_locale":"fr_FR","og_type":"article","og_title":"Vernissage de notre exposition photo \u00e0 la m\u00e9diath\u00e8que de Valgelon-La-Rochette - La Rochette Cartonboard SAS","og_description":"Ce vendredi 28 avril, nous avons organis\u00e9 le vernissage de notre exposition photo \u00e0 la m\u00e9diath\u00e8que de Valgelon-La-Rochette. Un moment riche en \u00e9motion devant plus de 55 participants\u00a0: \u00e9lus locaux, partenaires et associations. Cet \u00e9v\u00e9nement est un accomplissement et une fiert\u00e9 de pr\u00e9senter 150 ans d\u2019histoire au service du carton et notre ancrage territorial en [&hellip;]","og_url":"https:\/\/larochette-cartonboard.com\/2432\/","og_site_name":"La Rochette Cartonboard SAS","article_published_time":"2023-05-04T08:09:05+00:00","article_modified_time":"2023-05-04T08:09:12+00:00","og_image":[{"width":1030,"height":687,"url":"https:\/\/larochette-cartonboard.com\/wp-content\/uploads\/2023\/05\/ExpoLRC150-9-sur-30-1030x687.jpg","type":"image\/jpeg"}],"author":"Alexia Guillet","twitter_card":"summary_large_image","twitter_misc":{"\u00c9crit par":"Alexia Guillet","Dur\u00e9e de lecture estim\u00e9e":"2 minutes"},"schema":{"@context":"https:\/\/schema.org","@graph":[{"@type":"Article","@id":"https:\/\/larochette-cartonboard.com\/2432\/#article","isPartOf":{"@id":"https:\/\/larochette-cartonboard.com\/2432\/"},"author":{"name":"Alexia Guillet","@id":"https:\/\/larochette-cartonboard.com\/#\/schema\/person\/6ac21eb30032768444c359dbb384fc7d"},"headline":"Vernissage de notre exposition photo \u00e0 la m\u00e9diath\u00e8que de Valgelon-La-Rochette","datePublished":"2023-05-04T08:09:05+00:00","dateModified":"2023-05-04T08:09:12+00:00","mainEntityOfPage":{"@id":"https:\/\/larochette-cartonboard.com\/2432\/"},"wordCount":145,"publisher":{"@id":"https:\/\/larochette-cartonboard.com\/#organization"},"image":{"@id":"https:\/\/larochette-cartonboard.com\/2432\/#primaryimage"},"thumbnailUrl":"https:\/\/larochette-cartonboard.com\/wp-content\/uploads\/2023\/05\/ExpoLRC150-9-sur-30-scaled.jpg","articleSection":["La Rochette News"],"inLanguage":"fr-FR"},{"@type":"WebPage","@id":"https:\/\/larochette-cartonboard.com\/2432\/","url":"https:\/\/larochette-cartonboard.com\/2432\/","name":"Vernissage de notre exposition photo \u00e0 la m\u00e9diath\u00e8que de Valgelon-La-Rochette - La Rochette Cartonboard SAS","isPartOf":{"@id":"https:\/\/larochette-cartonboard.com\/#website"},"primaryImageOfPage":{"@id":"https:\/\/larochette-cartonboard.com\/2432\/#primaryimage"},"image":{"@id":"https:\/\/larochette-cartonboard.com\/2432\/#primaryimage"},"thumbnailUrl":"https:\/\/larochette-cartonboard.com\/wp-content\/uploads\/2023\/05\/ExpoLRC150-9-sur-30-scaled.jpg","datePublished":"2023-05-04T08:09:05+00:00","dateModified":"2023-05-04T08:09:12+00:00","breadcrumb":{"@id":"https:\/\/larochette-cartonboard.com\/2432\/#breadcrumb"},"inLanguage":"fr-FR","potentialAction":[{"@type":"ReadAction","target":["https:\/\/larochette-cartonboard.com\/2432\/"]}]},{"@type":"ImageObject","inLanguage":"fr-FR","@id":"https:\/\/larochette-cartonboard.com\/2432\/#primaryimage","url":"https:\/\/larochette-cartonboard.com\/wp-content\/uploads\/2023\/05\/ExpoLRC150-9-sur-30-scaled.jpg","contentUrl":"https:\/\/larochette-cartonboard.com\/wp-content\/uploads\/2023\/05\/ExpoLRC150-9-sur-30-scaled.jpg","width":2560,"height":1707},{"@type":"BreadcrumbList","@id":"https:\/\/larochette-cartonboard.com\/2432\/#breadcrumb","itemListElement":[{"@type":"ListItem","position":1,"name":"Home","item":"https:\/\/larochette-cartonboard.com\/fr\/carton-plat-fibre-vierge-la-rochette-cartonboard-sas\/"},{"@type":"ListItem","position":2,"name":"Vernissage de notre exposition photo \u00e0 la m\u00e9diath\u00e8que de Valgelon-La-Rochette"}]},{"@type":"WebSite","@id":"https:\/\/larochette-cartonboard.com\/#website","url":"https:\/\/larochette-cartonboard.com\/","name":"La Rochette Cartonboard SAS","description":"Website","publisher":{"@id":"https:\/\/larochette-cartonboard.com\/#organization"},"potentialAction":[{"@type":"SearchAction","target":{"@type":"EntryPoint","urlTemplate":"https:\/\/larochette-cartonboard.com\/?s={search_term_string}"},"query-input":{"@type":"PropertyValueSpecification","valueRequired":true,"valueName":"search_term_string"}}],"inLanguage":"fr-FR"},{"@type":"Organization","@id":"https:\/\/larochette-cartonboard.com\/#organization","name":"La Rochette Cartonboard SAS","url":"https:\/\/larochette-cartonboard.com\/","logo":{"@type":"ImageObject","inLanguage":"fr-FR","@id":"https:\/\/larochette-cartonboard.com\/#\/schema\/logo\/image\/","url":"https:\/\/larochette-cartonboard.com\/wp-content\/uploads\/2021\/07\/LRC-Logo.svg","contentUrl":"https:\/\/larochette-cartonboard.com\/wp-content\/uploads\/2021\/07\/LRC-Logo.svg","width":"1030","height":"1030","caption":"La Rochette Cartonboard SAS"},"image":{"@id":"https:\/\/larochette-cartonboard.com\/#\/schema\/logo\/image\/"}},{"@type":"Person","@id":"https:\/\/larochette-cartonboard.com\/#\/schema\/person\/6ac21eb30032768444c359dbb384fc7d","name":"Alexia Guillet","url":"https:\/\/larochette-cartonboard.com\/fr\/author\/alexia-guilletlarochette-cartonboard-com\/"}]}},"_links":{"self":[{"href":"https:\/\/larochette-cartonboard.com\/fr\/wp-json\/wp\/v2\/posts\/2424","targetHints":{"allow":["GET"]}}],"collection":[{"href":"https:\/\/larochette-cartonboard.com\/fr\/wp-json\/wp\/v2\/posts"}],"about":[{"href":"https:\/\/larochette-cartonboard.com\/fr\/wp-json\/wp\/v2\/types\/post"}],"author":[{"embeddable":true,"href":"https:\/\/larochette-cartonboard.com\/fr\/wp-json\/wp\/v2\/users\/6"}],"replies":[{"embeddable":true,"href":"https:\/\/larochette-cartonboard.com\/fr\/wp-json\/wp\/v2\/comments?post=2424"}],"version-history":[{"count":1,"href":"https:\/\/larochette-cartonboard.com\/fr\/wp-json\/wp\/v2\/posts\/2424\/revisions"}],"predecessor-version":[{"id":2431,"href":"https:\/\/larochette-cartonboard.com\/fr\/wp-json\/wp\/v2\/posts\/2424\/revisions\/2431"}],"wp:featuredmedia":[{"embeddable":true,"href":"https:\/\/larochette-cartonboard.com\/fr\/wp-json\/wp\/v2\/media\/2425"}],"wp:attachment":[{"href":"https:\/\/larochette-cartonboard.com\/fr\/wp-json\/wp\/v2\/media?parent=2424"}],"wp:term":[{"taxonomy":"category","embeddable":true,"href":"https:\/\/larochette-cartonboard.com\/fr\/wp-json\/wp\/v2\/categories?post=2424"},{"taxonomy":"post_tag","embeddable":true,"href":"https:\/\/larochette-cartonboard.com\/fr\/wp-json\/wp\/v2\/tags?post=2424"}],"curies":[{"name":"wp","href":"https:\/\/api.w.org\/{rel}","templated":true}]}}